{"id":116,"date":"2011-10-13T15:17:33","date_gmt":"2011-10-13T19:17:33","guid":{"rendered":"http:\/\/gadprgonzalodiazdepineda.gob.ec\/napo\/?p=116"},"modified":"2018-05-22T13:08:48","modified_gmt":"2018-05-22T17:08:48","slug":"historia","status":"publish","type":"post","link":"https:\/\/gpsantarosa.gob.ec\/napo\/historia\/","title":{"rendered":"Historia de la Parroquia"},"content":{"rendered":"<div style=\"overflow: auto; height: 750px;\">\n<h1><a name=\"_Toc433659930\"><\/a> Rese\u00f1a Hist\u00f3rica.<\/h1>\n<p>&nbsp;<\/p>\n<h4>La parroquia lleva el nombre de Santa Rosa en homenaje a una joven catequista. Se convirti\u00f3 en parroquia el 30 de abril del a\u00f1o 1969 (registro oficial 169), gracias a una gesti\u00f3n del entonces congresista Sim\u00f3n Bustamante C\u00e1rdenas.<\/h4>\n<h4>Santa Rosa, es un hermoso lugar donde hace a\u00f1os la gente solo viv\u00eda de la caza, la pesca, y el cultivo de la naranjilla, yuca, pl\u00e1tano y otros productos que se desperdiciaban porque era muy dif\u00edcil sacarlos hasta los mercados de Pifo, hab\u00eda que caminar d\u00edas cargando al hombro o en caballos, en medio del lodo, pasando por r\u00edos o quebradas, algunas personas mor\u00edan ahogadas al cruzar el r\u00edo Oyacachi,<\/h4>\n<h4>Marcial O\u00f1a Quien llego a estos lares a la edad de 15 a\u00f1os para trabajar en la construcci\u00f3n de la v\u00eda Pifo-Papallacta (1936), su esp\u00edritu aventurero lo llevo hasta la hacienda Las Pampas, en el cant\u00f3n Quijos, donde se cas\u00f3 en 1940 con Carmen Calo, con quien tuvo siete hijos. O\u00f1a recuerda que esta zona se hizo famosa por la gran cantidad de personas que llegaron en busca del aut\u00e9ntico Dorado.<\/h4>\n<h4>Los lavadores de oro recog\u00edan de tres o cuatro gramos diarios, pero la mayor\u00eda de gente viv\u00eda de la agricultura. Este hombre trabajo en la molienda de ca\u00f1a instalada en El Chaco hasta que la fiebre del oro tambi\u00e9n lo afecto.<\/h4>\n<h4>Como forjadores de la parroquia se menciona tambi\u00e9n a, Carlos Minda, los esposos Vicente Tapuy, Catalina y Emilio Huatatoca, Natividad Quishpe, Virgilio Lanchimba, Rafael Pari\u00f3n y Ezequiel Chillagano, Seg\u00fan la informaci\u00f3n\u00a0 las familias se dedicaban al cultivo de naranjilla, tomate, yuca, pl\u00e1tano, hongos, ma\u00edz, cereales, ca\u00f1a, papa china, guayaba, legumbres etc., poco a poco se introdujo la ganader\u00eda y especies menores lo que les val\u00eda para asegurar su econom\u00eda y garantizar la seguridad alimentaria.<\/h4>\n<\/div>\n","protected":false},"excerpt":{"rendered":"<p>Rese\u00f1a Hist\u00f3rica. &nbsp; La parroquia lleva el nombre de Santa Rosa en homenaje a una joven catequista. Se convirti\u00f3 en parroquia el 30 de abril del a\u00f1o 1969 (registro oficial 169), gracias a una gesti\u00f3n del entonces congresista Sim\u00f3n Bustamante C\u00e1rdenas. Santa Rosa, es un hermoso lugar donde hace a\u00f1os la gente solo viv\u00eda de [&hellip;]<\/p>\n","protected":false},"author":10,"featured_media":0,"comment_status":"closed","ping_status":"closed","sticky":false,"template":"","format":"standard","meta":{"footnotes":""},"categories":[1],"tags":[],"class_list":["post-116","post","type-post","status-publish","format-standard","hentry","category-sin-categoria"],"yoast_head":"<!-- This site is optimized with the Yoast SEO plugin v26.8 - https:\/\/yoast.com\/product\/yoast-seo-wordpress\/ -->\n<title>Historia de la Parroquia - GAD parroquial Santa Rosa<\/title>\n<meta name=\"robots\" content=\"index, follow, max-snippet:-1, max-image-preview:large, max-video-preview:-1\" \/>\n<link rel=\"canonical\" href=\"https:\/\/gpsantarosa.gob.ec\/napo\/historia\/\" \/>\n<meta property=\"og:locale\" content=\"es_ES\" \/>\n<meta property=\"og:type\" content=\"article\" \/>\n<meta property=\"og:title\" content=\"Historia de la Parroquia - GAD parroquial Santa Rosa\" \/>\n<meta property=\"og:description\" content=\"Rese\u00f1a Hist\u00f3rica. &nbsp; La parroquia lleva el nombre de Santa Rosa en homenaje a una joven catequista. Se convirti\u00f3 en parroquia el 30 de abril del a\u00f1o 1969 (registro oficial 169), gracias a una gesti\u00f3n del entonces congresista Sim\u00f3n Bustamante C\u00e1rdenas. Santa Rosa, es un hermoso lugar donde hace a\u00f1os la gente solo viv\u00eda de [&hellip;]\" \/>\n<meta property=\"og:url\" content=\"https:\/\/gpsantarosa.gob.ec\/napo\/historia\/\" \/>\n<meta property=\"og:site_name\" content=\"GAD parroquial Santa Rosa\" \/>\n<meta property=\"article:published_time\" content=\"2011-10-13T19:17:33+00:00\" \/>\n<meta property=\"article:modified_time\" content=\"2018-05-22T17:08:48+00:00\" \/>\n<meta name=\"author\" content=\"gpsantarosa\" \/>\n<meta name=\"twitter:card\" content=\"summary_large_image\" \/>\n<meta name=\"twitter:label1\" content=\"Escrito por\" \/>\n\t<meta name=\"twitter:data1\" content=\"gpsantarosa\" \/>\n\t<meta name=\"twitter:label2\" content=\"Tiempo de lectura\" \/>\n\t<meta name=\"twitter:data2\" content=\"2 minutos\" \/>\n<script type=\"application\/ld+json\" class=\"yoast-schema-graph\">{\"@context\":\"https:\/\/schema.org\",\"@graph\":[{\"@type\":\"Article\",\"@id\":\"https:\/\/gpsantarosa.gob.ec\/napo\/historia\/#article\",\"isPartOf\":{\"@id\":\"https:\/\/gpsantarosa.gob.ec\/napo\/historia\/\"},\"author\":{\"name\":\"gpsantarosa\",\"@id\":\"https:\/\/gpsantarosa.gob.ec\/napo\/#\/schema\/person\/27a20bad652dade76f8facbe33eb2a63\"},\"headline\":\"Historia de la Parroquia\",\"datePublished\":\"2011-10-13T19:17:33+00:00\",\"dateModified\":\"2018-05-22T17:08:48+00:00\",\"mainEntityOfPage\":{\"@id\":\"https:\/\/gpsantarosa.gob.ec\/napo\/historia\/\"},\"wordCount\":333,\"publisher\":{\"@id\":\"https:\/\/gpsantarosa.gob.ec\/napo\/#organization\"},\"inLanguage\":\"es\"},{\"@type\":\"WebPage\",\"@id\":\"https:\/\/gpsantarosa.gob.ec\/napo\/historia\/\",\"url\":\"https:\/\/gpsantarosa.gob.ec\/napo\/historia\/\",\"name\":\"Historia de la Parroquia - GAD parroquial Santa Rosa\",\"isPartOf\":{\"@id\":\"https:\/\/gpsantarosa.gob.ec\/napo\/#website\"},\"datePublished\":\"2011-10-13T19:17:33+00:00\",\"dateModified\":\"2018-05-22T17:08:48+00:00\",\"breadcrumb\":{\"@id\":\"https:\/\/gpsantarosa.gob.ec\/napo\/historia\/#breadcrumb\"},\"inLanguage\":\"es\",\"potentialAction\":[{\"@type\":\"ReadAction\",\"target\":[\"https:\/\/gpsantarosa.gob.ec\/napo\/historia\/\"]}]},{\"@type\":\"BreadcrumbList\",\"@id\":\"https:\/\/gpsantarosa.gob.ec\/napo\/historia\/#breadcrumb\",\"itemListElement\":[{\"@type\":\"ListItem\",\"position\":1,\"name\":\"Home\",\"item\":\"https:\/\/gpsantarosa.gob.ec\/napo\/\"},{\"@type\":\"ListItem\",\"position\":2,\"name\":\"Historia de la Parroquia\"}]},{\"@type\":\"WebSite\",\"@id\":\"https:\/\/gpsantarosa.gob.ec\/napo\/#website\",\"url\":\"https:\/\/gpsantarosa.gob.ec\/napo\/\",\"name\":\"GAD Parroquial de Santa Rosa del Chaco\",\"description\":\"Pagina Oficial de la Parroquia de Santa Rosa del Chaco\",\"publisher\":{\"@id\":\"https:\/\/gpsantarosa.gob.ec\/napo\/#organization\"},\"potentialAction\":[{\"@type\":\"SearchAction\",\"target\":{\"@type\":\"EntryPoint\",\"urlTemplate\":\"https:\/\/gpsantarosa.gob.ec\/napo\/?s={search_term_string}\"},\"query-input\":{\"@type\":\"PropertyValueSpecification\",\"valueRequired\":true,\"valueName\":\"search_term_string\"}}],\"inLanguage\":\"es\"},{\"@type\":\"Organization\",\"@id\":\"https:\/\/gpsantarosa.gob.ec\/napo\/#organization\",\"name\":\"GAD Parroquial de Santa Rosa Napo\",\"url\":\"https:\/\/gpsantarosa.gob.ec\/napo\/\",\"logo\":{\"@type\":\"ImageObject\",\"inLanguage\":\"es\",\"@id\":\"https:\/\/gpsantarosa.gob.ec\/napo\/#\/schema\/logo\/image\/\",\"url\":\"https:\/\/gpsantarosa.gob.ec\/napo\/wp-content\/uploads\/2020\/06\/logoFooter.png\",\"contentUrl\":\"https:\/\/gpsantarosa.gob.ec\/napo\/wp-content\/uploads\/2020\/06\/logoFooter.png\",\"width\":160,\"height\":156,\"caption\":\"GAD Parroquial de Santa Rosa Napo\"},\"image\":{\"@id\":\"https:\/\/gpsantarosa.gob.ec\/napo\/#\/schema\/logo\/image\/\"}},{\"@type\":\"Person\",\"@id\":\"https:\/\/gpsantarosa.gob.ec\/napo\/#\/schema\/person\/27a20bad652dade76f8facbe33eb2a63\",\"name\":\"gpsantarosa\",\"image\":{\"@type\":\"ImageObject\",\"inLanguage\":\"es\",\"@id\":\"https:\/\/gpsantarosa.gob.ec\/napo\/#\/schema\/person\/image\/\",\"url\":\"https:\/\/secure.gravatar.com\/avatar\/c21e74c0351cba7528f5013877a8492cfa66c7e480524a21629edb76ef465569?s=96&d=mm&r=g\",\"contentUrl\":\"https:\/\/secure.gravatar.com\/avatar\/c21e74c0351cba7528f5013877a8492cfa66c7e480524a21629edb76ef465569?s=96&d=mm&r=g\",\"caption\":\"gpsantarosa\"},\"url\":\"https:\/\/gpsantarosa.gob.ec\/napo\/author\/gpsantarosa\/\"}]}<\/script>\n<!-- \/ Yoast SEO plugin. -->","yoast_head_json":{"title":"Historia de la Parroquia - GAD parroquial Santa Rosa","robots":{"index":"index","follow":"follow","max-snippet":"max-snippet:-1","max-image-preview":"max-image-preview:large","max-video-preview":"max-video-preview:-1"},"canonical":"https:\/\/gpsantarosa.gob.ec\/napo\/historia\/","og_locale":"es_ES","og_type":"article","og_title":"Historia de la Parroquia - GAD parroquial Santa Rosa","og_description":"Rese\u00f1a Hist\u00f3rica. &nbsp; La parroquia lleva el nombre de Santa Rosa en homenaje a una joven catequista. Se convirti\u00f3 en parroquia el 30 de abril del a\u00f1o 1969 (registro oficial 169), gracias a una gesti\u00f3n del entonces congresista Sim\u00f3n Bustamante C\u00e1rdenas. Santa Rosa, es un hermoso lugar donde hace a\u00f1os la gente solo viv\u00eda de [&hellip;]","og_url":"https:\/\/gpsantarosa.gob.ec\/napo\/historia\/","og_site_name":"GAD parroquial Santa Rosa","article_published_time":"2011-10-13T19:17:33+00:00","article_modified_time":"2018-05-22T17:08:48+00:00","author":"gpsantarosa","twitter_card":"summary_large_image","twitter_misc":{"Escrito por":"gpsantarosa","Tiempo de lectura":"2 minutos"},"schema":{"@context":"https:\/\/schema.org","@graph":[{"@type":"Article","@id":"https:\/\/gpsantarosa.gob.ec\/napo\/historia\/#article","isPartOf":{"@id":"https:\/\/gpsantarosa.gob.ec\/napo\/historia\/"},"author":{"name":"gpsantarosa","@id":"https:\/\/gpsantarosa.gob.ec\/napo\/#\/schema\/person\/27a20bad652dade76f8facbe33eb2a63"},"headline":"Historia de la Parroquia","datePublished":"2011-10-13T19:17:33+00:00","dateModified":"2018-05-22T17:08:48+00:00","mainEntityOfPage":{"@id":"https:\/\/gpsantarosa.gob.ec\/napo\/historia\/"},"wordCount":333,"publisher":{"@id":"https:\/\/gpsantarosa.gob.ec\/napo\/#organization"},"inLanguage":"es"},{"@type":"WebPage","@id":"https:\/\/gpsantarosa.gob.ec\/napo\/historia\/","url":"https:\/\/gpsantarosa.gob.ec\/napo\/historia\/","name":"Historia de la Parroquia - GAD parroquial Santa Rosa","isPartOf":{"@id":"https:\/\/gpsantarosa.gob.ec\/napo\/#website"},"datePublished":"2011-10-13T19:17:33+00:00","dateModified":"2018-05-22T17:08:48+00:00","breadcrumb":{"@id":"https:\/\/gpsantarosa.gob.ec\/napo\/historia\/#breadcrumb"},"inLanguage":"es","potentialAction":[{"@type":"ReadAction","target":["https:\/\/gpsantarosa.gob.ec\/napo\/historia\/"]}]},{"@type":"BreadcrumbList","@id":"https:\/\/gpsantarosa.gob.ec\/napo\/historia\/#breadcrumb","itemListElement":[{"@type":"ListItem","position":1,"name":"Home","item":"https:\/\/gpsantarosa.gob.ec\/napo\/"},{"@type":"ListItem","position":2,"name":"Historia de la Parroquia"}]},{"@type":"WebSite","@id":"https:\/\/gpsantarosa.gob.ec\/napo\/#website","url":"https:\/\/gpsantarosa.gob.ec\/napo\/","name":"GAD Parroquial de Santa Rosa del Chaco","description":"Pagina Oficial de la Parroquia de Santa Rosa del Chaco","publisher":{"@id":"https:\/\/gpsantarosa.gob.ec\/napo\/#organization"},"potentialAction":[{"@type":"SearchAction","target":{"@type":"EntryPoint","urlTemplate":"https:\/\/gpsantarosa.gob.ec\/napo\/?s={search_term_string}"},"query-input":{"@type":"PropertyValueSpecification","valueRequired":true,"valueName":"search_term_string"}}],"inLanguage":"es"},{"@type":"Organization","@id":"https:\/\/gpsantarosa.gob.ec\/napo\/#organization","name":"GAD Parroquial de Santa Rosa Napo","url":"https:\/\/gpsantarosa.gob.ec\/napo\/","logo":{"@type":"ImageObject","inLanguage":"es","@id":"https:\/\/gpsantarosa.gob.ec\/napo\/#\/schema\/logo\/image\/","url":"https:\/\/gpsantarosa.gob.ec\/napo\/wp-content\/uploads\/2020\/06\/logoFooter.png","contentUrl":"https:\/\/gpsantarosa.gob.ec\/napo\/wp-content\/uploads\/2020\/06\/logoFooter.png","width":160,"height":156,"caption":"GAD Parroquial de Santa Rosa Napo"},"image":{"@id":"https:\/\/gpsantarosa.gob.ec\/napo\/#\/schema\/logo\/image\/"}},{"@type":"Person","@id":"https:\/\/gpsantarosa.gob.ec\/napo\/#\/schema\/person\/27a20bad652dade76f8facbe33eb2a63","name":"gpsantarosa","image":{"@type":"ImageObject","inLanguage":"es","@id":"https:\/\/gpsantarosa.gob.ec\/napo\/#\/schema\/person\/image\/","url":"https:\/\/secure.gravatar.com\/avatar\/c21e74c0351cba7528f5013877a8492cfa66c7e480524a21629edb76ef465569?s=96&d=mm&r=g","contentUrl":"https:\/\/secure.gravatar.com\/avatar\/c21e74c0351cba7528f5013877a8492cfa66c7e480524a21629edb76ef465569?s=96&d=mm&r=g","caption":"gpsantarosa"},"url":"https:\/\/gpsantarosa.gob.ec\/napo\/author\/gpsantarosa\/"}]}},"_links":{"self":[{"href":"https:\/\/gpsantarosa.gob.ec\/napo\/wp-json\/wp\/v2\/posts\/116","targetHints":{"allow":["GET"]}}],"collection":[{"href":"https:\/\/gpsantarosa.gob.ec\/napo\/wp-json\/wp\/v2\/posts"}],"about":[{"href":"https:\/\/gpsantarosa.gob.ec\/napo\/wp-json\/wp\/v2\/types\/post"}],"author":[{"embeddable":true,"href":"https:\/\/gpsantarosa.gob.ec\/napo\/wp-json\/wp\/v2\/users\/10"}],"replies":[{"embeddable":true,"href":"https:\/\/gpsantarosa.gob.ec\/napo\/wp-json\/wp\/v2\/comments?post=116"}],"version-history":[{"count":3,"href":"https:\/\/gpsantarosa.gob.ec\/napo\/wp-json\/wp\/v2\/posts\/116\/revisions"}],"predecessor-version":[{"id":885,"href":"https:\/\/gpsantarosa.gob.ec\/napo\/wp-json\/wp\/v2\/posts\/116\/revisions\/885"}],"wp:attachment":[{"href":"https:\/\/gpsantarosa.gob.ec\/napo\/wp-json\/wp\/v2\/media?parent=116"}],"wp:term":[{"taxonomy":"category","embeddable":true,"href":"https:\/\/gpsantarosa.gob.ec\/napo\/wp-json\/wp\/v2\/categories?post=116"},{"taxonomy":"post_tag","embeddable":true,"href":"https:\/\/gpsantarosa.gob.ec\/napo\/wp-json\/wp\/v2\/tags?post=116"}],"curies":[{"name":"wp","href":"https:\/\/api.w.org\/{rel}","templated":true}]}}