{"id":2084,"date":"2024-07-18T23:32:22","date_gmt":"2024-07-19T03:32:22","guid":{"rendered":"https:\/\/gpsantarosa.gob.ec\/napo\/?p=2084"},"modified":"2024-07-19T23:25:56","modified_gmt":"2024-07-20T03:25:56","slug":"participacion-como-consejero-provincial","status":"publish","type":"post","link":"https:\/\/gpsantarosa.gob.ec\/napo\/participacion-como-consejero-provincial\/","title":{"rendered":"Participaci\u00f3n como Consejero Provincial"},"content":{"rendered":"<p>El Tnlgo. Efr\u00e9n P\u00e9rez presidente de la Parroquia de Santa Rosa particip\u00f3 en la entrega de una volqueta marca Sinotruk en Puerto Napo,\u00a0 en calidad de consejero provincial, junto al Prefecto Jos\u00e9 Toapanta.<\/p>\n\n\t\t<style type=\"text\/css\">\n\t\t\t#gallery-1 {\n\t\t\t\tmargin: auto;\n\t\t\t}\n\t\t\t#gallery-1 .gallery-item {\n\t\t\t\tfloat: left;\n\t\t\t\tmargin-top: 10px;\n\t\t\t\ttext-align: center;\n\t\t\t\twidth: 20%;\n\t\t\t}\n\t\t\t#gallery-1 img {\n\t\t\t\tborder: 2px solid #cfcfcf;\n\t\t\t}\n\t\t\t#gallery-1 .gallery-caption {\n\t\t\t\tmargin-left: 0;\n\t\t\t}\n\t\t\t\/* see gallery_shortcode() in wp-includes\/media.php *\/\n\t\t<\/style>\n\t\t<div data-carousel-extra='{\"blog_id\":1,\"permalink\":\"https:\\\/\\\/gpsantarosa.gob.ec\\\/napo\\\/participacion-como-consejero-provincial\\\/\"}' id='gallery-1' class='gallery galleryid-2084 gallery-columns-5 gallery-size-thumbnail'><dl class='gallery-item'>\n\t\t\t<dt class='gallery-icon landscape'>\n\t\t\t\t<a href='https:\/\/gpsantarosa.gob.ec\/napo\/participacion-como-consejero-provincial\/attachment\/5\/'><img loading=\"lazy\" decoding=\"async\" data-attachment-id=\"2124\" data-orig-file=\"https:\/\/gpsantarosa.gob.ec\/napo\/wp-content\/uploads\/2024\/07\/5-2.png\" data-orig-size=\"1200,628\" data-comments-opened=\"0\" data-image-meta=\"{&quot;aperture&quot;:&quot;0&quot;,&quot;credit&quot;:&quot;&quot;,&quot;camera&quot;:&quot;&quot;,&quot;caption&quot;:&quot;&quot;,&quot;created_timestamp&quot;:&quot;0&quot;,&quot;copyright&quot;:&quot;&quot;,&quot;focal_length&quot;:&quot;0&quot;,&quot;iso&quot;:&quot;0&quot;,&quot;shutter_speed&quot;:&quot;0&quot;,&quot;title&quot;:&quot;&quot;,&quot;orientation&quot;:&quot;0&quot;,&quot;keywords&quot;:&quot;Array&quot;}\" data-image-title=\"5\" data-image-description=\"\" data-medium-file=\"https:\/\/gpsantarosa.gob.ec\/napo\/wp-content\/uploads\/2024\/07\/5-2-550x288.png\" data-large-file=\"https:\/\/gpsantarosa.gob.ec\/napo\/wp-content\/uploads\/2024\/07\/5-2-1024x536.png\" width=\"150\" height=\"150\" src=\"https:\/\/gpsantarosa.gob.ec\/napo\/wp-content\/uploads\/2024\/07\/5-2-150x150.png\" class=\"attachment-thumbnail size-thumbnail\" alt=\"\" \/><\/a>\n\t\t\t<\/dt><\/dl><dl class='gallery-item'>\n\t\t\t<dt class='gallery-icon landscape'>\n\t\t\t\t<a href='https:\/\/gpsantarosa.gob.ec\/napo\/participacion-como-consejero-provincial\/attachment\/4\/'><img loading=\"lazy\" decoding=\"async\" data-attachment-id=\"2123\" data-orig-file=\"https:\/\/gpsantarosa.gob.ec\/napo\/wp-content\/uploads\/2024\/07\/4-2.png\" data-orig-size=\"1200,628\" data-comments-opened=\"0\" data-image-meta=\"{&quot;aperture&quot;:&quot;0&quot;,&quot;credit&quot;:&quot;&quot;,&quot;camera&quot;:&quot;&quot;,&quot;caption&quot;:&quot;&quot;,&quot;created_timestamp&quot;:&quot;0&quot;,&quot;copyright&quot;:&quot;&quot;,&quot;focal_length&quot;:&quot;0&quot;,&quot;iso&quot;:&quot;0&quot;,&quot;shutter_speed&quot;:&quot;0&quot;,&quot;title&quot;:&quot;&quot;,&quot;orientation&quot;:&quot;0&quot;,&quot;keywords&quot;:&quot;Array&quot;}\" data-image-title=\"4\" data-image-description=\"\" data-medium-file=\"https:\/\/gpsantarosa.gob.ec\/napo\/wp-content\/uploads\/2024\/07\/4-2-550x288.png\" data-large-file=\"https:\/\/gpsantarosa.gob.ec\/napo\/wp-content\/uploads\/2024\/07\/4-2-1024x536.png\" width=\"150\" height=\"150\" src=\"https:\/\/gpsantarosa.gob.ec\/napo\/wp-content\/uploads\/2024\/07\/4-2-150x150.png\" class=\"attachment-thumbnail size-thumbnail\" alt=\"\" \/><\/a>\n\t\t\t<\/dt><\/dl><dl class='gallery-item'>\n\t\t\t<dt class='gallery-icon landscape'>\n\t\t\t\t<a href='https:\/\/gpsantarosa.gob.ec\/napo\/participacion-como-consejero-provincial\/attachment\/2\/'><img loading=\"lazy\" decoding=\"async\" data-attachment-id=\"2121\" data-orig-file=\"https:\/\/gpsantarosa.gob.ec\/napo\/wp-content\/uploads\/2024\/07\/2-2.png\" data-orig-size=\"1200,628\" data-comments-opened=\"0\" data-image-meta=\"{&quot;aperture&quot;:&quot;0&quot;,&quot;credit&quot;:&quot;&quot;,&quot;camera&quot;:&quot;&quot;,&quot;caption&quot;:&quot;&quot;,&quot;created_timestamp&quot;:&quot;0&quot;,&quot;copyright&quot;:&quot;&quot;,&quot;focal_length&quot;:&quot;0&quot;,&quot;iso&quot;:&quot;0&quot;,&quot;shutter_speed&quot;:&quot;0&quot;,&quot;title&quot;:&quot;&quot;,&quot;orientation&quot;:&quot;0&quot;,&quot;keywords&quot;:&quot;Array&quot;}\" data-image-title=\"2\" data-image-description=\"\" data-medium-file=\"https:\/\/gpsantarosa.gob.ec\/napo\/wp-content\/uploads\/2024\/07\/2-2-550x288.png\" data-large-file=\"https:\/\/gpsantarosa.gob.ec\/napo\/wp-content\/uploads\/2024\/07\/2-2-1024x536.png\" width=\"150\" height=\"150\" src=\"https:\/\/gpsantarosa.gob.ec\/napo\/wp-content\/uploads\/2024\/07\/2-2-150x150.png\" class=\"attachment-thumbnail size-thumbnail\" alt=\"\" \/><\/a>\n\t\t\t<\/dt><\/dl><dl class='gallery-item'>\n\t\t\t<dt class='gallery-icon landscape'>\n\t\t\t\t<a href='https:\/\/gpsantarosa.gob.ec\/napo\/participacion-como-consejero-provincial\/attachment\/3\/'><img loading=\"lazy\" decoding=\"async\" data-attachment-id=\"2122\" data-orig-file=\"https:\/\/gpsantarosa.gob.ec\/napo\/wp-content\/uploads\/2024\/07\/3-2.png\" data-orig-size=\"1200,628\" data-comments-opened=\"0\" data-image-meta=\"{&quot;aperture&quot;:&quot;0&quot;,&quot;credit&quot;:&quot;&quot;,&quot;camera&quot;:&quot;&quot;,&quot;caption&quot;:&quot;&quot;,&quot;created_timestamp&quot;:&quot;0&quot;,&quot;copyright&quot;:&quot;&quot;,&quot;focal_length&quot;:&quot;0&quot;,&quot;iso&quot;:&quot;0&quot;,&quot;shutter_speed&quot;:&quot;0&quot;,&quot;title&quot;:&quot;&quot;,&quot;orientation&quot;:&quot;0&quot;,&quot;keywords&quot;:&quot;Array&quot;}\" data-image-title=\"3\" data-image-description=\"\" data-medium-file=\"https:\/\/gpsantarosa.gob.ec\/napo\/wp-content\/uploads\/2024\/07\/3-2-550x288.png\" data-large-file=\"https:\/\/gpsantarosa.gob.ec\/napo\/wp-content\/uploads\/2024\/07\/3-2-1024x536.png\" width=\"150\" height=\"150\" src=\"https:\/\/gpsantarosa.gob.ec\/napo\/wp-content\/uploads\/2024\/07\/3-2-150x150.png\" class=\"attachment-thumbnail size-thumbnail\" alt=\"\" \/><\/a>\n\t\t\t<\/dt><\/dl><dl class='gallery-item'>\n\t\t\t<dt class='gallery-icon landscape'>\n\t\t\t\t<a href='https:\/\/gpsantarosa.gob.ec\/napo\/participacion-como-consejero-provincial\/attachment\/1\/'><img loading=\"lazy\" decoding=\"async\" data-attachment-id=\"2120\" data-orig-file=\"https:\/\/gpsantarosa.gob.ec\/napo\/wp-content\/uploads\/2024\/07\/1-2.png\" data-orig-size=\"1200,628\" data-comments-opened=\"0\" data-image-meta=\"{&quot;aperture&quot;:&quot;0&quot;,&quot;credit&quot;:&quot;&quot;,&quot;camera&quot;:&quot;&quot;,&quot;caption&quot;:&quot;&quot;,&quot;created_timestamp&quot;:&quot;0&quot;,&quot;copyright&quot;:&quot;&quot;,&quot;focal_length&quot;:&quot;0&quot;,&quot;iso&quot;:&quot;0&quot;,&quot;shutter_speed&quot;:&quot;0&quot;,&quot;title&quot;:&quot;&quot;,&quot;orientation&quot;:&quot;0&quot;,&quot;keywords&quot;:&quot;Array&quot;}\" data-image-title=\"1\" data-image-description=\"\" data-medium-file=\"https:\/\/gpsantarosa.gob.ec\/napo\/wp-content\/uploads\/2024\/07\/1-2-550x288.png\" data-large-file=\"https:\/\/gpsantarosa.gob.ec\/napo\/wp-content\/uploads\/2024\/07\/1-2-1024x536.png\" width=\"150\" height=\"150\" src=\"https:\/\/gpsantarosa.gob.ec\/napo\/wp-content\/uploads\/2024\/07\/1-2-150x150.png\" class=\"attachment-thumbnail size-thumbnail\" alt=\"\" \/><\/a>\n\t\t\t<\/dt><\/dl><br style=\"clear: both\" \/>\n\t\t<\/div>\n\n<p>&nbsp;<\/p>\n","protected":false},"excerpt":{"rendered":"<p>El Tnlgo. Efr\u00e9n P\u00e9rez presidente de la Parroquia de Santa Rosa particip\u00f3 en la entrega de una volqueta marca Sinotruk en Puerto Napo,\u00a0 en calidad de consejero provincial, junto al Prefecto Jos\u00e9 Toapanta. &nbsp;<\/p>\n","protected":false},"author":10,"featured_media":2121,"comment_status":"closed","ping_status":"closed","sticky":false,"template":"","format":"standard","meta":{"footnotes":""},"categories":[3,46],"tags":[],"class_list":["post-2084","post","type-post","status-publish","format-standard","has-post-thumbnail","hentry","category-s1-news","category-c76-ultimas-noticias"],"yoast_head":"<!-- This site is optimized with the Yoast SEO plugin v26.8 - https:\/\/yoast.com\/product\/yoast-seo-wordpress\/ -->\n<title>Participaci\u00f3n como Consejero Provincial - GAD parroquial Santa Rosa<\/title>\n<meta name=\"robots\" content=\"index, follow, max-snippet:-1, max-image-preview:large, max-video-preview:-1\" \/>\n<link rel=\"canonical\" href=\"https:\/\/gpsantarosa.gob.ec\/napo\/participacion-como-consejero-provincial\/\" \/>\n<meta property=\"og:locale\" content=\"es_ES\" \/>\n<meta property=\"og:type\" content=\"article\" \/>\n<meta property=\"og:title\" content=\"Participaci\u00f3n como Consejero Provincial - GAD parroquial Santa Rosa\" \/>\n<meta property=\"og:description\" content=\"El Tnlgo. Efr\u00e9n P\u00e9rez presidente de la Parroquia de Santa Rosa particip\u00f3 en la entrega de una volqueta marca Sinotruk en Puerto Napo,\u00a0 en calidad de consejero provincial, junto al Prefecto Jos\u00e9 Toapanta. &nbsp;\" \/>\n<meta property=\"og:url\" content=\"https:\/\/gpsantarosa.gob.ec\/napo\/participacion-como-consejero-provincial\/\" \/>\n<meta property=\"og:site_name\" content=\"GAD parroquial Santa Rosa\" \/>\n<meta property=\"article:published_time\" content=\"2024-07-19T03:32:22+00:00\" \/>\n<meta property=\"article:modified_time\" content=\"2024-07-20T03:25:56+00:00\" \/>\n<meta property=\"og:image\" content=\"https:\/\/gpsantarosa.gob.ec\/napo\/wp-content\/uploads\/2024\/07\/2-2.png\" \/>\n\t<meta property=\"og:image:width\" content=\"1200\" \/>\n\t<meta property=\"og:image:height\" content=\"628\" \/>\n\t<meta property=\"og:image:type\" content=\"image\/png\" \/>\n<meta name=\"author\" content=\"gpsantarosa\" \/>\n<meta name=\"twitter:card\" content=\"summary_large_image\" \/>\n<meta name=\"twitter:label1\" content=\"Escrito por\" \/>\n\t<meta name=\"twitter:data1\" content=\"gpsantarosa\" \/>\n\t<meta name=\"twitter:label2\" content=\"Tiempo de lectura\" \/>\n\t<meta name=\"twitter:data2\" content=\"1 minuto\" \/>\n<script type=\"application\/ld+json\" class=\"yoast-schema-graph\">{\"@context\":\"https:\/\/schema.org\",\"@graph\":[{\"@type\":\"Article\",\"@id\":\"https:\/\/gpsantarosa.gob.ec\/napo\/participacion-como-consejero-provincial\/#article\",\"isPartOf\":{\"@id\":\"https:\/\/gpsantarosa.gob.ec\/napo\/participacion-como-consejero-provincial\/\"},\"author\":{\"name\":\"gpsantarosa\",\"@id\":\"https:\/\/gpsantarosa.gob.ec\/napo\/#\/schema\/person\/27a20bad652dade76f8facbe33eb2a63\"},\"headline\":\"Participaci\u00f3n como Consejero Provincial\",\"datePublished\":\"2024-07-19T03:32:22+00:00\",\"dateModified\":\"2024-07-20T03:25:56+00:00\",\"mainEntityOfPage\":{\"@id\":\"https:\/\/gpsantarosa.gob.ec\/napo\/participacion-como-consejero-provincial\/\"},\"wordCount\":44,\"publisher\":{\"@id\":\"https:\/\/gpsantarosa.gob.ec\/napo\/#organization\"},\"image\":{\"@id\":\"https:\/\/gpsantarosa.gob.ec\/napo\/participacion-como-consejero-provincial\/#primaryimage\"},\"thumbnailUrl\":\"https:\/\/gpsantarosa.gob.ec\/napo\/wp-content\/uploads\/2024\/07\/2-2.png\",\"articleSection\":[\"News\",\"Ultimas Noticias\"],\"inLanguage\":\"es\"},{\"@type\":\"WebPage\",\"@id\":\"https:\/\/gpsantarosa.gob.ec\/napo\/participacion-como-consejero-provincial\/\",\"url\":\"https:\/\/gpsantarosa.gob.ec\/napo\/participacion-como-consejero-provincial\/\",\"name\":\"Participaci\u00f3n como Consejero Provincial - GAD parroquial Santa Rosa\",\"isPartOf\":{\"@id\":\"https:\/\/gpsantarosa.gob.ec\/napo\/#website\"},\"primaryImageOfPage\":{\"@id\":\"https:\/\/gpsantarosa.gob.ec\/napo\/participacion-como-consejero-provincial\/#primaryimage\"},\"image\":{\"@id\":\"https:\/\/gpsantarosa.gob.ec\/napo\/participacion-como-consejero-provincial\/#primaryimage\"},\"thumbnailUrl\":\"https:\/\/gpsantarosa.gob.ec\/napo\/wp-content\/uploads\/2024\/07\/2-2.png\",\"datePublished\":\"2024-07-19T03:32:22+00:00\",\"dateModified\":\"2024-07-20T03:25:56+00:00\",\"breadcrumb\":{\"@id\":\"https:\/\/gpsantarosa.gob.ec\/napo\/participacion-como-consejero-provincial\/#breadcrumb\"},\"inLanguage\":\"es\",\"potentialAction\":[{\"@type\":\"ReadAction\",\"target\":[\"https:\/\/gpsantarosa.gob.ec\/napo\/participacion-como-consejero-provincial\/\"]}]},{\"@type\":\"ImageObject\",\"inLanguage\":\"es\",\"@id\":\"https:\/\/gpsantarosa.gob.ec\/napo\/participacion-como-consejero-provincial\/#primaryimage\",\"url\":\"https:\/\/gpsantarosa.gob.ec\/napo\/wp-content\/uploads\/2024\/07\/2-2.png\",\"contentUrl\":\"https:\/\/gpsantarosa.gob.ec\/napo\/wp-content\/uploads\/2024\/07\/2-2.png\",\"width\":1200,\"height\":628},{\"@type\":\"BreadcrumbList\",\"@id\":\"https:\/\/gpsantarosa.gob.ec\/napo\/participacion-como-consejero-provincial\/#breadcrumb\",\"itemListElement\":[{\"@type\":\"ListItem\",\"position\":1,\"name\":\"Home\",\"item\":\"https:\/\/gpsantarosa.gob.ec\/napo\/\"},{\"@type\":\"ListItem\",\"position\":2,\"name\":\"Participaci\u00f3n como Consejero Provincial\"}]},{\"@type\":\"WebSite\",\"@id\":\"https:\/\/gpsantarosa.gob.ec\/napo\/#website\",\"url\":\"https:\/\/gpsantarosa.gob.ec\/napo\/\",\"name\":\"GAD Parroquial de Santa Rosa del Chaco\",\"description\":\"Pagina Oficial de la Parroquia de Santa Rosa del Chaco\",\"publisher\":{\"@id\":\"https:\/\/gpsantarosa.gob.ec\/napo\/#organization\"},\"potentialAction\":[{\"@type\":\"SearchAction\",\"target\":{\"@type\":\"EntryPoint\",\"urlTemplate\":\"https:\/\/gpsantarosa.gob.ec\/napo\/?s={search_term_string}\"},\"query-input\":{\"@type\":\"PropertyValueSpecification\",\"valueRequired\":true,\"valueName\":\"search_term_string\"}}],\"inLanguage\":\"es\"},{\"@type\":\"Organization\",\"@id\":\"https:\/\/gpsantarosa.gob.ec\/napo\/#organization\",\"name\":\"GAD Parroquial de Santa Rosa Napo\",\"url\":\"https:\/\/gpsantarosa.gob.ec\/napo\/\",\"logo\":{\"@type\":\"ImageObject\",\"inLanguage\":\"es\",\"@id\":\"https:\/\/gpsantarosa.gob.ec\/napo\/#\/schema\/logo\/image\/\",\"url\":\"https:\/\/gpsantarosa.gob.ec\/napo\/wp-content\/uploads\/2020\/06\/logoFooter.png\",\"contentUrl\":\"https:\/\/gpsantarosa.gob.ec\/napo\/wp-content\/uploads\/2020\/06\/logoFooter.png\",\"width\":160,\"height\":156,\"caption\":\"GAD Parroquial de Santa Rosa Napo\"},\"image\":{\"@id\":\"https:\/\/gpsantarosa.gob.ec\/napo\/#\/schema\/logo\/image\/\"}},{\"@type\":\"Person\",\"@id\":\"https:\/\/gpsantarosa.gob.ec\/napo\/#\/schema\/person\/27a20bad652dade76f8facbe33eb2a63\",\"name\":\"gpsantarosa\",\"image\":{\"@type\":\"ImageObject\",\"inLanguage\":\"es\",\"@id\":\"https:\/\/gpsantarosa.gob.ec\/napo\/#\/schema\/person\/image\/\",\"url\":\"https:\/\/secure.gravatar.com\/avatar\/c21e74c0351cba7528f5013877a8492cfa66c7e480524a21629edb76ef465569?s=96&d=mm&r=g\",\"contentUrl\":\"https:\/\/secure.gravatar.com\/avatar\/c21e74c0351cba7528f5013877a8492cfa66c7e480524a21629edb76ef465569?s=96&d=mm&r=g\",\"caption\":\"gpsantarosa\"},\"url\":\"https:\/\/gpsantarosa.gob.ec\/napo\/author\/gpsantarosa\/\"}]}<\/script>\n<!-- \/ Yoast SEO plugin. -->","yoast_head_json":{"title":"Participaci\u00f3n como Consejero Provincial - GAD parroquial Santa Rosa","robots":{"index":"index","follow":"follow","max-snippet":"max-snippet:-1","max-image-preview":"max-image-preview:large","max-video-preview":"max-video-preview:-1"},"canonical":"https:\/\/gpsantarosa.gob.ec\/napo\/participacion-como-consejero-provincial\/","og_locale":"es_ES","og_type":"article","og_title":"Participaci\u00f3n como Consejero Provincial - GAD parroquial Santa Rosa","og_description":"El Tnlgo. Efr\u00e9n P\u00e9rez presidente de la Parroquia de Santa Rosa particip\u00f3 en la entrega de una volqueta marca Sinotruk en Puerto Napo,\u00a0 en calidad de consejero provincial, junto al Prefecto Jos\u00e9 Toapanta. &nbsp;","og_url":"https:\/\/gpsantarosa.gob.ec\/napo\/participacion-como-consejero-provincial\/","og_site_name":"GAD parroquial Santa Rosa","article_published_time":"2024-07-19T03:32:22+00:00","article_modified_time":"2024-07-20T03:25:56+00:00","og_image":[{"width":1200,"height":628,"url":"https:\/\/gpsantarosa.gob.ec\/napo\/wp-content\/uploads\/2024\/07\/2-2.png","type":"image\/png"}],"author":"gpsantarosa","twitter_card":"summary_large_image","twitter_misc":{"Escrito por":"gpsantarosa","Tiempo de lectura":"1 minuto"},"schema":{"@context":"https:\/\/schema.org","@graph":[{"@type":"Article","@id":"https:\/\/gpsantarosa.gob.ec\/napo\/participacion-como-consejero-provincial\/#article","isPartOf":{"@id":"https:\/\/gpsantarosa.gob.ec\/napo\/participacion-como-consejero-provincial\/"},"author":{"name":"gpsantarosa","@id":"https:\/\/gpsantarosa.gob.ec\/napo\/#\/schema\/person\/27a20bad652dade76f8facbe33eb2a63"},"headline":"Participaci\u00f3n como Consejero Provincial","datePublished":"2024-07-19T03:32:22+00:00","dateModified":"2024-07-20T03:25:56+00:00","mainEntityOfPage":{"@id":"https:\/\/gpsantarosa.gob.ec\/napo\/participacion-como-consejero-provincial\/"},"wordCount":44,"publisher":{"@id":"https:\/\/gpsantarosa.gob.ec\/napo\/#organization"},"image":{"@id":"https:\/\/gpsantarosa.gob.ec\/napo\/participacion-como-consejero-provincial\/#primaryimage"},"thumbnailUrl":"https:\/\/gpsantarosa.gob.ec\/napo\/wp-content\/uploads\/2024\/07\/2-2.png","articleSection":["News","Ultimas Noticias"],"inLanguage":"es"},{"@type":"WebPage","@id":"https:\/\/gpsantarosa.gob.ec\/napo\/participacion-como-consejero-provincial\/","url":"https:\/\/gpsantarosa.gob.ec\/napo\/participacion-como-consejero-provincial\/","name":"Participaci\u00f3n como Consejero Provincial - GAD parroquial Santa Rosa","isPartOf":{"@id":"https:\/\/gpsantarosa.gob.ec\/napo\/#website"},"primaryImageOfPage":{"@id":"https:\/\/gpsantarosa.gob.ec\/napo\/participacion-como-consejero-provincial\/#primaryimage"},"image":{"@id":"https:\/\/gpsantarosa.gob.ec\/napo\/participacion-como-consejero-provincial\/#primaryimage"},"thumbnailUrl":"https:\/\/gpsantarosa.gob.ec\/napo\/wp-content\/uploads\/2024\/07\/2-2.png","datePublished":"2024-07-19T03:32:22+00:00","dateModified":"2024-07-20T03:25:56+00:00","breadcrumb":{"@id":"https:\/\/gpsantarosa.gob.ec\/napo\/participacion-como-consejero-provincial\/#breadcrumb"},"inLanguage":"es","potentialAction":[{"@type":"ReadAction","target":["https:\/\/gpsantarosa.gob.ec\/napo\/participacion-como-consejero-provincial\/"]}]},{"@type":"ImageObject","inLanguage":"es","@id":"https:\/\/gpsantarosa.gob.ec\/napo\/participacion-como-consejero-provincial\/#primaryimage","url":"https:\/\/gpsantarosa.gob.ec\/napo\/wp-content\/uploads\/2024\/07\/2-2.png","contentUrl":"https:\/\/gpsantarosa.gob.ec\/napo\/wp-content\/uploads\/2024\/07\/2-2.png","width":1200,"height":628},{"@type":"BreadcrumbList","@id":"https:\/\/gpsantarosa.gob.ec\/napo\/participacion-como-consejero-provincial\/#breadcrumb","itemListElement":[{"@type":"ListItem","position":1,"name":"Home","item":"https:\/\/gpsantarosa.gob.ec\/napo\/"},{"@type":"ListItem","position":2,"name":"Participaci\u00f3n como Consejero Provincial"}]},{"@type":"WebSite","@id":"https:\/\/gpsantarosa.gob.ec\/napo\/#website","url":"https:\/\/gpsantarosa.gob.ec\/napo\/","name":"GAD Parroquial de Santa Rosa del Chaco","description":"Pagina Oficial de la Parroquia de Santa Rosa del Chaco","publisher":{"@id":"https:\/\/gpsantarosa.gob.ec\/napo\/#organization"},"potentialAction":[{"@type":"SearchAction","target":{"@type":"EntryPoint","urlTemplate":"https:\/\/gpsantarosa.gob.ec\/napo\/?s={search_term_string}"},"query-input":{"@type":"PropertyValueSpecification","valueRequired":true,"valueName":"search_term_string"}}],"inLanguage":"es"},{"@type":"Organization","@id":"https:\/\/gpsantarosa.gob.ec\/napo\/#organization","name":"GAD Parroquial de Santa Rosa Napo","url":"https:\/\/gpsantarosa.gob.ec\/napo\/","logo":{"@type":"ImageObject","inLanguage":"es","@id":"https:\/\/gpsantarosa.gob.ec\/napo\/#\/schema\/logo\/image\/","url":"https:\/\/gpsantarosa.gob.ec\/napo\/wp-content\/uploads\/2020\/06\/logoFooter.png","contentUrl":"https:\/\/gpsantarosa.gob.ec\/napo\/wp-content\/uploads\/2020\/06\/logoFooter.png","width":160,"height":156,"caption":"GAD Parroquial de Santa Rosa Napo"},"image":{"@id":"https:\/\/gpsantarosa.gob.ec\/napo\/#\/schema\/logo\/image\/"}},{"@type":"Person","@id":"https:\/\/gpsantarosa.gob.ec\/napo\/#\/schema\/person\/27a20bad652dade76f8facbe33eb2a63","name":"gpsantarosa","image":{"@type":"ImageObject","inLanguage":"es","@id":"https:\/\/gpsantarosa.gob.ec\/napo\/#\/schema\/person\/image\/","url":"https:\/\/secure.gravatar.com\/avatar\/c21e74c0351cba7528f5013877a8492cfa66c7e480524a21629edb76ef465569?s=96&d=mm&r=g","contentUrl":"https:\/\/secure.gravatar.com\/avatar\/c21e74c0351cba7528f5013877a8492cfa66c7e480524a21629edb76ef465569?s=96&d=mm&r=g","caption":"gpsantarosa"},"url":"https:\/\/gpsantarosa.gob.ec\/napo\/author\/gpsantarosa\/"}]}},"_links":{"self":[{"href":"https:\/\/gpsantarosa.gob.ec\/napo\/wp-json\/wp\/v2\/posts\/2084","targetHints":{"allow":["GET"]}}],"collection":[{"href":"https:\/\/gpsantarosa.gob.ec\/napo\/wp-json\/wp\/v2\/posts"}],"about":[{"href":"https:\/\/gpsantarosa.gob.ec\/napo\/wp-json\/wp\/v2\/types\/post"}],"author":[{"embeddable":true,"href":"https:\/\/gpsantarosa.gob.ec\/napo\/wp-json\/wp\/v2\/users\/10"}],"replies":[{"embeddable":true,"href":"https:\/\/gpsantarosa.gob.ec\/napo\/wp-json\/wp\/v2\/comments?post=2084"}],"version-history":[{"count":26,"href":"https:\/\/gpsantarosa.gob.ec\/napo\/wp-json\/wp\/v2\/posts\/2084\/revisions"}],"predecessor-version":[{"id":2125,"href":"https:\/\/gpsantarosa.gob.ec\/napo\/wp-json\/wp\/v2\/posts\/2084\/revisions\/2125"}],"wp:featuredmedia":[{"embeddable":true,"href":"https:\/\/gpsantarosa.gob.ec\/napo\/wp-json\/wp\/v2\/media\/2121"}],"wp:attachment":[{"href":"https:\/\/gpsantarosa.gob.ec\/napo\/wp-json\/wp\/v2\/media?parent=2084"}],"wp:term":[{"taxonomy":"category","embeddable":true,"href":"https:\/\/gpsantarosa.gob.ec\/napo\/wp-json\/wp\/v2\/categories?post=2084"},{"taxonomy":"post_tag","embeddable":true,"href":"https:\/\/gpsantarosa.gob.ec\/napo\/wp-json\/wp\/v2\/tags?post=2084"}],"curies":[{"name":"wp","href":"https:\/\/api.w.org\/{rel}","templated":true}]}}