{"id":2199,"date":"2024-08-27T22:26:06","date_gmt":"2024-08-28T02:26:06","guid":{"rendered":"https:\/\/gpsantarosa.gob.ec\/napo\/?p=2199"},"modified":"2024-08-27T22:26:06","modified_gmt":"2024-08-28T02:26:06","slug":"segunda-socializacion-del-presupuesto-participativo","status":"publish","type":"post","link":"https:\/\/gpsantarosa.gob.ec\/napo\/segunda-socializacion-del-presupuesto-participativo\/","title":{"rendered":"Segunda Socializaci\u00f3n del Presupuesto Participativo"},"content":{"rendered":"<p>Se desarroll\u00f3 la segunda socializaci\u00f3n del presupuesto participativo del GAD Provincial de Napo en el auditorio del GAD Parroquial de Santa Rosa. El evento, estuvo liderado por el Tnlgo. Efr\u00e9n P\u00e9rez, presidente en funciones, cont\u00f3 con la presencia de los moradores de Santa Rosa, quienes asistieron con el objetivo de priorizar futuros proyectos y la asignaci\u00f3n presupuestaria correspondiente.<\/p>\n<div data-carousel-extra='{\"blog_id\":1,\"permalink\":\"https:\\\/\\\/gpsantarosa.gob.ec\\\/napo\\\/segunda-socializacion-del-presupuesto-participativo\\\/\"}' class=\"tiled-gallery type-rectangular\" data-original-width=\"500\"><div class=\"gallery-row\" style=\"width: 495px; height: 245px;\"><div class=\"gallery-group images-1\" style=\"width: 330px; height: 249px;\"><div class=\"tiled-gallery-item tiled-gallery-item-large\"><a href=\"https:\/\/gpsantarosa.gob.ec\/napo\/segunda-socializacion-del-presupuesto-participativo\/1-8\/\"><img loading=\"lazy\" decoding=\"async\" data-attachment-id=\"2200\" data-orig-file=\"https:\/\/gpsantarosa.gob.ec\/napo\/wp-content\/uploads\/2024\/08\/1-2.png\" data-orig-size=\"800,600\" data-comments-opened=\"0\" data-image-meta=\"{&quot;aperture&quot;:&quot;0&quot;,&quot;credit&quot;:&quot;&quot;,&quot;camera&quot;:&quot;&quot;,&quot;caption&quot;:&quot;&quot;,&quot;created_timestamp&quot;:&quot;0&quot;,&quot;copyright&quot;:&quot;&quot;,&quot;focal_length&quot;:&quot;0&quot;,&quot;iso&quot;:&quot;0&quot;,&quot;shutter_speed&quot;:&quot;0&quot;,&quot;title&quot;:&quot;&quot;,&quot;orientation&quot;:&quot;0&quot;}\" data-image-title=\"1\" data-image-description=\"\" data-medium-file=\"https:\/\/gpsantarosa.gob.ec\/napo\/wp-content\/uploads\/2024\/08\/1-2-550x413.png\" data-large-file=\"https:\/\/gpsantarosa.gob.ec\/napo\/wp-content\/uploads\/2024\/08\/1-2.png\" src=\"https:\/\/gpsantarosa.gob.ec\/napo\/wp-content\/uploads\/2024\/08\/1-2-326x245.png\" width=\"326\" height=\"245\" align=\"left\" title=\"1\" \/><\/a><\/div><\/div><div class=\"gallery-group images-2\" style=\"width: 165px; height: 249px;\"><div class=\"tiled-gallery-item tiled-gallery-item-small\"><a href=\"https:\/\/gpsantarosa.gob.ec\/napo\/segunda-socializacion-del-presupuesto-participativo\/2-6\/\"><img loading=\"lazy\" decoding=\"async\" data-attachment-id=\"2201\" data-orig-file=\"https:\/\/gpsantarosa.gob.ec\/napo\/wp-content\/uploads\/2024\/08\/2-2.png\" data-orig-size=\"800,600\" data-comments-opened=\"0\" data-image-meta=\"{&quot;aperture&quot;:&quot;0&quot;,&quot;credit&quot;:&quot;&quot;,&quot;camera&quot;:&quot;&quot;,&quot;caption&quot;:&quot;&quot;,&quot;created_timestamp&quot;:&quot;0&quot;,&quot;copyright&quot;:&quot;&quot;,&quot;focal_length&quot;:&quot;0&quot;,&quot;iso&quot;:&quot;0&quot;,&quot;shutter_speed&quot;:&quot;0&quot;,&quot;title&quot;:&quot;&quot;,&quot;orientation&quot;:&quot;0&quot;}\" data-image-title=\"2\" data-image-description=\"\" data-medium-file=\"https:\/\/gpsantarosa.gob.ec\/napo\/wp-content\/uploads\/2024\/08\/2-2-550x413.png\" data-large-file=\"https:\/\/gpsantarosa.gob.ec\/napo\/wp-content\/uploads\/2024\/08\/2-2.png\" src=\"https:\/\/gpsantarosa.gob.ec\/napo\/wp-content\/uploads\/2024\/08\/2-2-161x121.png\" width=\"161\" height=\"121\" align=\"left\" title=\"2\" \/><\/a><\/div><div class=\"tiled-gallery-item tiled-gallery-item-small\"><a href=\"https:\/\/gpsantarosa.gob.ec\/napo\/segunda-socializacion-del-presupuesto-participativo\/3-7\/\"><img loading=\"lazy\" decoding=\"async\" data-attachment-id=\"2202\" data-orig-file=\"https:\/\/gpsantarosa.gob.ec\/napo\/wp-content\/uploads\/2024\/08\/3-2.png\" data-orig-size=\"800,600\" data-comments-opened=\"0\" data-image-meta=\"{&quot;aperture&quot;:&quot;0&quot;,&quot;credit&quot;:&quot;&quot;,&quot;camera&quot;:&quot;&quot;,&quot;caption&quot;:&quot;&quot;,&quot;created_timestamp&quot;:&quot;0&quot;,&quot;copyright&quot;:&quot;&quot;,&quot;focal_length&quot;:&quot;0&quot;,&quot;iso&quot;:&quot;0&quot;,&quot;shutter_speed&quot;:&quot;0&quot;,&quot;title&quot;:&quot;&quot;,&quot;orientation&quot;:&quot;0&quot;}\" data-image-title=\"3\" data-image-description=\"\" data-medium-file=\"https:\/\/gpsantarosa.gob.ec\/napo\/wp-content\/uploads\/2024\/08\/3-2-550x413.png\" data-large-file=\"https:\/\/gpsantarosa.gob.ec\/napo\/wp-content\/uploads\/2024\/08\/3-2.png\" src=\"https:\/\/gpsantarosa.gob.ec\/napo\/wp-content\/uploads\/2024\/08\/3-2-161x120.png\" width=\"161\" height=\"120\" align=\"left\" title=\"3\" \/><\/a><\/div><\/div><\/div><div class=\"gallery-row\" style=\"width: 495px; height: 121px;\"><div class=\"gallery-group images-1\" style=\"width: 165px; height: 125px;\"><div class=\"tiled-gallery-item tiled-gallery-item-small\"><a href=\"https:\/\/gpsantarosa.gob.ec\/napo\/segunda-socializacion-del-presupuesto-participativo\/4-6\/\"><img loading=\"lazy\" decoding=\"async\" data-attachment-id=\"2203\" data-orig-file=\"https:\/\/gpsantarosa.gob.ec\/napo\/wp-content\/uploads\/2024\/08\/4-1.png\" data-orig-size=\"800,600\" data-comments-opened=\"0\" data-image-meta=\"{&quot;aperture&quot;:&quot;0&quot;,&quot;credit&quot;:&quot;&quot;,&quot;camera&quot;:&quot;&quot;,&quot;caption&quot;:&quot;&quot;,&quot;created_timestamp&quot;:&quot;0&quot;,&quot;copyright&quot;:&quot;&quot;,&quot;focal_length&quot;:&quot;0&quot;,&quot;iso&quot;:&quot;0&quot;,&quot;shutter_speed&quot;:&quot;0&quot;,&quot;title&quot;:&quot;&quot;,&quot;orientation&quot;:&quot;0&quot;}\" data-image-title=\"4\" data-image-description=\"\" data-medium-file=\"https:\/\/gpsantarosa.gob.ec\/napo\/wp-content\/uploads\/2024\/08\/4-1-550x413.png\" data-large-file=\"https:\/\/gpsantarosa.gob.ec\/napo\/wp-content\/uploads\/2024\/08\/4-1.png\" src=\"https:\/\/gpsantarosa.gob.ec\/napo\/wp-content\/uploads\/2024\/08\/4-1-161x121.png\" width=\"161\" height=\"121\" align=\"left\" title=\"4\" \/><\/a><\/div><\/div><div class=\"gallery-group images-1\" style=\"width: 165px; height: 125px;\"><div class=\"tiled-gallery-item tiled-gallery-item-small\"><a href=\"https:\/\/gpsantarosa.gob.ec\/napo\/segunda-socializacion-del-presupuesto-participativo\/5-5\/\"><img loading=\"lazy\" decoding=\"async\" data-attachment-id=\"2204\" data-orig-file=\"https:\/\/gpsantarosa.gob.ec\/napo\/wp-content\/uploads\/2024\/08\/5-1.png\" data-orig-size=\"800,600\" data-comments-opened=\"0\" data-image-meta=\"{&quot;aperture&quot;:&quot;0&quot;,&quot;credit&quot;:&quot;&quot;,&quot;camera&quot;:&quot;&quot;,&quot;caption&quot;:&quot;&quot;,&quot;created_timestamp&quot;:&quot;0&quot;,&quot;copyright&quot;:&quot;&quot;,&quot;focal_length&quot;:&quot;0&quot;,&quot;iso&quot;:&quot;0&quot;,&quot;shutter_speed&quot;:&quot;0&quot;,&quot;title&quot;:&quot;&quot;,&quot;orientation&quot;:&quot;0&quot;}\" data-image-title=\"5\" data-image-description=\"\" data-medium-file=\"https:\/\/gpsantarosa.gob.ec\/napo\/wp-content\/uploads\/2024\/08\/5-1-550x413.png\" data-large-file=\"https:\/\/gpsantarosa.gob.ec\/napo\/wp-content\/uploads\/2024\/08\/5-1.png\" src=\"https:\/\/gpsantarosa.gob.ec\/napo\/wp-content\/uploads\/2024\/08\/5-1-161x121.png\" width=\"161\" height=\"121\" align=\"left\" title=\"5\" \/><\/a><\/div><\/div><div class=\"gallery-group images-1\" style=\"width: 165px; height: 125px;\"><div class=\"tiled-gallery-item tiled-gallery-item-small\"><a href=\"https:\/\/gpsantarosa.gob.ec\/napo\/segunda-socializacion-del-presupuesto-participativo\/6-4\/\"><img loading=\"lazy\" decoding=\"async\" data-attachment-id=\"2205\" data-orig-file=\"https:\/\/gpsantarosa.gob.ec\/napo\/wp-content\/uploads\/2024\/08\/6-1.png\" data-orig-size=\"800,600\" data-comments-opened=\"0\" data-image-meta=\"{&quot;aperture&quot;:&quot;0&quot;,&quot;credit&quot;:&quot;&quot;,&quot;camera&quot;:&quot;&quot;,&quot;caption&quot;:&quot;&quot;,&quot;created_timestamp&quot;:&quot;0&quot;,&quot;copyright&quot;:&quot;&quot;,&quot;focal_length&quot;:&quot;0&quot;,&quot;iso&quot;:&quot;0&quot;,&quot;shutter_speed&quot;:&quot;0&quot;,&quot;title&quot;:&quot;&quot;,&quot;orientation&quot;:&quot;0&quot;}\" data-image-title=\"6\" data-image-description=\"\" data-medium-file=\"https:\/\/gpsantarosa.gob.ec\/napo\/wp-content\/uploads\/2024\/08\/6-1-550x413.png\" data-large-file=\"https:\/\/gpsantarosa.gob.ec\/napo\/wp-content\/uploads\/2024\/08\/6-1.png\" src=\"https:\/\/gpsantarosa.gob.ec\/napo\/wp-content\/uploads\/2024\/08\/6-1-161x121.png\" width=\"161\" height=\"121\" align=\"left\" title=\"6\" \/><\/a><\/div><\/div><\/div><div class=\"gallery-row\" style=\"width: 495px; height: 183px;\"><div class=\"gallery-group images-1\" style=\"width: 248px; height: 187px;\"><div class=\"tiled-gallery-item tiled-gallery-item-small\"><a href=\"https:\/\/gpsantarosa.gob.ec\/napo\/segunda-socializacion-del-presupuesto-participativo\/7-4\/\"><img loading=\"lazy\" decoding=\"async\" data-attachment-id=\"2206\" data-orig-file=\"https:\/\/gpsantarosa.gob.ec\/napo\/wp-content\/uploads\/2024\/08\/7-1.png\" data-orig-size=\"800,600\" data-comments-opened=\"0\" data-image-meta=\"{&quot;aperture&quot;:&quot;0&quot;,&quot;credit&quot;:&quot;&quot;,&quot;camera&quot;:&quot;&quot;,&quot;caption&quot;:&quot;&quot;,&quot;created_timestamp&quot;:&quot;0&quot;,&quot;copyright&quot;:&quot;&quot;,&quot;focal_length&quot;:&quot;0&quot;,&quot;iso&quot;:&quot;0&quot;,&quot;shutter_speed&quot;:&quot;0&quot;,&quot;title&quot;:&quot;&quot;,&quot;orientation&quot;:&quot;0&quot;}\" data-image-title=\"7\" data-image-description=\"\" data-medium-file=\"https:\/\/gpsantarosa.gob.ec\/napo\/wp-content\/uploads\/2024\/08\/7-1-550x413.png\" data-large-file=\"https:\/\/gpsantarosa.gob.ec\/napo\/wp-content\/uploads\/2024\/08\/7-1.png\" src=\"https:\/\/gpsantarosa.gob.ec\/napo\/wp-content\/uploads\/2024\/08\/7-1-244x183.png\" width=\"244\" height=\"183\" align=\"left\" title=\"7\" \/><\/a><\/div><\/div><div class=\"gallery-group images-1\" style=\"width: 247px; height: 187px;\"><div class=\"tiled-gallery-item tiled-gallery-item-small\"><a href=\"https:\/\/gpsantarosa.gob.ec\/napo\/segunda-socializacion-del-presupuesto-participativo\/8-3\/\"><img loading=\"lazy\" decoding=\"async\" data-attachment-id=\"2207\" data-orig-file=\"https:\/\/gpsantarosa.gob.ec\/napo\/wp-content\/uploads\/2024\/08\/8-1.png\" data-orig-size=\"800,600\" data-comments-opened=\"0\" data-image-meta=\"{&quot;aperture&quot;:&quot;0&quot;,&quot;credit&quot;:&quot;&quot;,&quot;camera&quot;:&quot;&quot;,&quot;caption&quot;:&quot;&quot;,&quot;created_timestamp&quot;:&quot;0&quot;,&quot;copyright&quot;:&quot;&quot;,&quot;focal_length&quot;:&quot;0&quot;,&quot;iso&quot;:&quot;0&quot;,&quot;shutter_speed&quot;:&quot;0&quot;,&quot;title&quot;:&quot;&quot;,&quot;orientation&quot;:&quot;0&quot;}\" data-image-title=\"8\" data-image-description=\"\" data-medium-file=\"https:\/\/gpsantarosa.gob.ec\/napo\/wp-content\/uploads\/2024\/08\/8-1-550x413.png\" data-large-file=\"https:\/\/gpsantarosa.gob.ec\/napo\/wp-content\/uploads\/2024\/08\/8-1.png\" src=\"https:\/\/gpsantarosa.gob.ec\/napo\/wp-content\/uploads\/2024\/08\/8-1-243x183.png\" width=\"243\" height=\"183\" align=\"left\" title=\"8\" \/><\/a><\/div><\/div><\/div><\/div>\n","protected":false},"excerpt":{"rendered":"<p>Se desarroll\u00f3 la segunda socializaci\u00f3n del presupuesto participativo del GAD Provincial de Napo en el auditorio del GAD Parroquial de Santa Rosa. El evento, estuvo liderado por el Tnlgo. Efr\u00e9n P\u00e9rez, presidente en funciones, cont\u00f3 con la presencia de los moradores de Santa Rosa, quienes asistieron con el objetivo de priorizar futuros proyectos y la [&hellip;]<\/p>\n","protected":false},"author":10,"featured_media":2200,"comment_status":"closed","ping_status":"closed","sticky":false,"template":"","format":"standard","meta":{"footnotes":""},"categories":[3,46],"tags":[],"class_list":["post-2199","post","type-post","status-publish","format-standard","has-post-thumbnail","hentry","category-s1-news","category-c76-ultimas-noticias"],"yoast_head":"<!-- This site is optimized with the Yoast SEO plugin v26.8 - https:\/\/yoast.com\/product\/yoast-seo-wordpress\/ -->\n<title>Segunda Socializaci\u00f3n del Presupuesto Participativo - GAD parroquial Santa Rosa<\/title>\n<meta name=\"robots\" content=\"index, follow, max-snippet:-1, max-image-preview:large, max-video-preview:-1\" \/>\n<link rel=\"canonical\" href=\"https:\/\/gpsantarosa.gob.ec\/napo\/segunda-socializacion-del-presupuesto-participativo\/\" \/>\n<meta property=\"og:locale\" content=\"es_ES\" \/>\n<meta property=\"og:type\" content=\"article\" \/>\n<meta property=\"og:title\" content=\"Segunda Socializaci\u00f3n del Presupuesto Participativo - GAD parroquial Santa Rosa\" \/>\n<meta property=\"og:description\" content=\"Se desarroll\u00f3 la segunda socializaci\u00f3n del presupuesto participativo del GAD Provincial de Napo en el auditorio del GAD Parroquial de Santa Rosa. El evento, estuvo liderado por el Tnlgo. Efr\u00e9n P\u00e9rez, presidente en funciones, cont\u00f3 con la presencia de los moradores de Santa Rosa, quienes asistieron con el objetivo de priorizar futuros proyectos y la [&hellip;]\" \/>\n<meta property=\"og:url\" content=\"https:\/\/gpsantarosa.gob.ec\/napo\/segunda-socializacion-del-presupuesto-participativo\/\" \/>\n<meta property=\"og:site_name\" content=\"GAD parroquial Santa Rosa\" \/>\n<meta property=\"article:published_time\" content=\"2024-08-28T02:26:06+00:00\" \/>\n<meta property=\"og:image\" content=\"https:\/\/gpsantarosa.gob.ec\/napo\/wp-content\/uploads\/2024\/08\/1-2.png\" \/>\n\t<meta property=\"og:image:width\" content=\"800\" \/>\n\t<meta property=\"og:image:height\" content=\"600\" \/>\n\t<meta property=\"og:image:type\" content=\"image\/png\" \/>\n<meta name=\"author\" content=\"gpsantarosa\" \/>\n<meta name=\"twitter:card\" content=\"summary_large_image\" \/>\n<meta name=\"twitter:label1\" content=\"Escrito por\" \/>\n\t<meta name=\"twitter:data1\" content=\"gpsantarosa\" \/>\n\t<meta name=\"twitter:label2\" content=\"Tiempo de lectura\" \/>\n\t<meta name=\"twitter:data2\" content=\"1 minuto\" \/>\n<script type=\"application\/ld+json\" class=\"yoast-schema-graph\">{\"@context\":\"https:\/\/schema.org\",\"@graph\":[{\"@type\":\"Article\",\"@id\":\"https:\/\/gpsantarosa.gob.ec\/napo\/segunda-socializacion-del-presupuesto-participativo\/#article\",\"isPartOf\":{\"@id\":\"https:\/\/gpsantarosa.gob.ec\/napo\/segunda-socializacion-del-presupuesto-participativo\/\"},\"author\":{\"name\":\"gpsantarosa\",\"@id\":\"https:\/\/gpsantarosa.gob.ec\/napo\/#\/schema\/person\/27a20bad652dade76f8facbe33eb2a63\"},\"headline\":\"Segunda Socializaci\u00f3n del Presupuesto Participativo\",\"datePublished\":\"2024-08-28T02:26:06+00:00\",\"mainEntityOfPage\":{\"@id\":\"https:\/\/gpsantarosa.gob.ec\/napo\/segunda-socializacion-del-presupuesto-participativo\/\"},\"wordCount\":74,\"publisher\":{\"@id\":\"https:\/\/gpsantarosa.gob.ec\/napo\/#organization\"},\"image\":{\"@id\":\"https:\/\/gpsantarosa.gob.ec\/napo\/segunda-socializacion-del-presupuesto-participativo\/#primaryimage\"},\"thumbnailUrl\":\"https:\/\/gpsantarosa.gob.ec\/napo\/wp-content\/uploads\/2024\/08\/1-2.png\",\"articleSection\":[\"News\",\"Ultimas Noticias\"],\"inLanguage\":\"es\"},{\"@type\":\"WebPage\",\"@id\":\"https:\/\/gpsantarosa.gob.ec\/napo\/segunda-socializacion-del-presupuesto-participativo\/\",\"url\":\"https:\/\/gpsantarosa.gob.ec\/napo\/segunda-socializacion-del-presupuesto-participativo\/\",\"name\":\"Segunda Socializaci\u00f3n del Presupuesto Participativo - GAD parroquial Santa Rosa\",\"isPartOf\":{\"@id\":\"https:\/\/gpsantarosa.gob.ec\/napo\/#website\"},\"primaryImageOfPage\":{\"@id\":\"https:\/\/gpsantarosa.gob.ec\/napo\/segunda-socializacion-del-presupuesto-participativo\/#primaryimage\"},\"image\":{\"@id\":\"https:\/\/gpsantarosa.gob.ec\/napo\/segunda-socializacion-del-presupuesto-participativo\/#primaryimage\"},\"thumbnailUrl\":\"https:\/\/gpsantarosa.gob.ec\/napo\/wp-content\/uploads\/2024\/08\/1-2.png\",\"datePublished\":\"2024-08-28T02:26:06+00:00\",\"breadcrumb\":{\"@id\":\"https:\/\/gpsantarosa.gob.ec\/napo\/segunda-socializacion-del-presupuesto-participativo\/#breadcrumb\"},\"inLanguage\":\"es\",\"potentialAction\":[{\"@type\":\"ReadAction\",\"target\":[\"https:\/\/gpsantarosa.gob.ec\/napo\/segunda-socializacion-del-presupuesto-participativo\/\"]}]},{\"@type\":\"ImageObject\",\"inLanguage\":\"es\",\"@id\":\"https:\/\/gpsantarosa.gob.ec\/napo\/segunda-socializacion-del-presupuesto-participativo\/#primaryimage\",\"url\":\"https:\/\/gpsantarosa.gob.ec\/napo\/wp-content\/uploads\/2024\/08\/1-2.png\",\"contentUrl\":\"https:\/\/gpsantarosa.gob.ec\/napo\/wp-content\/uploads\/2024\/08\/1-2.png\",\"width\":800,\"height\":600},{\"@type\":\"BreadcrumbList\",\"@id\":\"https:\/\/gpsantarosa.gob.ec\/napo\/segunda-socializacion-del-presupuesto-participativo\/#breadcrumb\",\"itemListElement\":[{\"@type\":\"ListItem\",\"position\":1,\"name\":\"Home\",\"item\":\"https:\/\/gpsantarosa.gob.ec\/napo\/\"},{\"@type\":\"ListItem\",\"position\":2,\"name\":\"Segunda Socializaci\u00f3n del Presupuesto Participativo\"}]},{\"@type\":\"WebSite\",\"@id\":\"https:\/\/gpsantarosa.gob.ec\/napo\/#website\",\"url\":\"https:\/\/gpsantarosa.gob.ec\/napo\/\",\"name\":\"GAD Parroquial de Santa Rosa del Chaco\",\"description\":\"Pagina Oficial de la Parroquia de Santa Rosa del Chaco\",\"publisher\":{\"@id\":\"https:\/\/gpsantarosa.gob.ec\/napo\/#organization\"},\"potentialAction\":[{\"@type\":\"SearchAction\",\"target\":{\"@type\":\"EntryPoint\",\"urlTemplate\":\"https:\/\/gpsantarosa.gob.ec\/napo\/?s={search_term_string}\"},\"query-input\":{\"@type\":\"PropertyValueSpecification\",\"valueRequired\":true,\"valueName\":\"search_term_string\"}}],\"inLanguage\":\"es\"},{\"@type\":\"Organization\",\"@id\":\"https:\/\/gpsantarosa.gob.ec\/napo\/#organization\",\"name\":\"GAD Parroquial de Santa Rosa Napo\",\"url\":\"https:\/\/gpsantarosa.gob.ec\/napo\/\",\"logo\":{\"@type\":\"ImageObject\",\"inLanguage\":\"es\",\"@id\":\"https:\/\/gpsantarosa.gob.ec\/napo\/#\/schema\/logo\/image\/\",\"url\":\"https:\/\/gpsantarosa.gob.ec\/napo\/wp-content\/uploads\/2020\/06\/logoFooter.png\",\"contentUrl\":\"https:\/\/gpsantarosa.gob.ec\/napo\/wp-content\/uploads\/2020\/06\/logoFooter.png\",\"width\":160,\"height\":156,\"caption\":\"GAD Parroquial de Santa Rosa Napo\"},\"image\":{\"@id\":\"https:\/\/gpsantarosa.gob.ec\/napo\/#\/schema\/logo\/image\/\"}},{\"@type\":\"Person\",\"@id\":\"https:\/\/gpsantarosa.gob.ec\/napo\/#\/schema\/person\/27a20bad652dade76f8facbe33eb2a63\",\"name\":\"gpsantarosa\",\"image\":{\"@type\":\"ImageObject\",\"inLanguage\":\"es\",\"@id\":\"https:\/\/gpsantarosa.gob.ec\/napo\/#\/schema\/person\/image\/\",\"url\":\"https:\/\/secure.gravatar.com\/avatar\/c21e74c0351cba7528f5013877a8492cfa66c7e480524a21629edb76ef465569?s=96&d=mm&r=g\",\"contentUrl\":\"https:\/\/secure.gravatar.com\/avatar\/c21e74c0351cba7528f5013877a8492cfa66c7e480524a21629edb76ef465569?s=96&d=mm&r=g\",\"caption\":\"gpsantarosa\"},\"url\":\"https:\/\/gpsantarosa.gob.ec\/napo\/author\/gpsantarosa\/\"}]}<\/script>\n<!-- \/ Yoast SEO plugin. -->","yoast_head_json":{"title":"Segunda Socializaci\u00f3n del Presupuesto Participativo - GAD parroquial Santa Rosa","robots":{"index":"index","follow":"follow","max-snippet":"max-snippet:-1","max-image-preview":"max-image-preview:large","max-video-preview":"max-video-preview:-1"},"canonical":"https:\/\/gpsantarosa.gob.ec\/napo\/segunda-socializacion-del-presupuesto-participativo\/","og_locale":"es_ES","og_type":"article","og_title":"Segunda Socializaci\u00f3n del Presupuesto Participativo - GAD parroquial Santa Rosa","og_description":"Se desarroll\u00f3 la segunda socializaci\u00f3n del presupuesto participativo del GAD Provincial de Napo en el auditorio del GAD Parroquial de Santa Rosa. El evento, estuvo liderado por el Tnlgo. Efr\u00e9n P\u00e9rez, presidente en funciones, cont\u00f3 con la presencia de los moradores de Santa Rosa, quienes asistieron con el objetivo de priorizar futuros proyectos y la [&hellip;]","og_url":"https:\/\/gpsantarosa.gob.ec\/napo\/segunda-socializacion-del-presupuesto-participativo\/","og_site_name":"GAD parroquial Santa Rosa","article_published_time":"2024-08-28T02:26:06+00:00","og_image":[{"width":800,"height":600,"url":"https:\/\/gpsantarosa.gob.ec\/napo\/wp-content\/uploads\/2024\/08\/1-2.png","type":"image\/png"}],"author":"gpsantarosa","twitter_card":"summary_large_image","twitter_misc":{"Escrito por":"gpsantarosa","Tiempo de lectura":"1 minuto"},"schema":{"@context":"https:\/\/schema.org","@graph":[{"@type":"Article","@id":"https:\/\/gpsantarosa.gob.ec\/napo\/segunda-socializacion-del-presupuesto-participativo\/#article","isPartOf":{"@id":"https:\/\/gpsantarosa.gob.ec\/napo\/segunda-socializacion-del-presupuesto-participativo\/"},"author":{"name":"gpsantarosa","@id":"https:\/\/gpsantarosa.gob.ec\/napo\/#\/schema\/person\/27a20bad652dade76f8facbe33eb2a63"},"headline":"Segunda Socializaci\u00f3n del Presupuesto Participativo","datePublished":"2024-08-28T02:26:06+00:00","mainEntityOfPage":{"@id":"https:\/\/gpsantarosa.gob.ec\/napo\/segunda-socializacion-del-presupuesto-participativo\/"},"wordCount":74,"publisher":{"@id":"https:\/\/gpsantarosa.gob.ec\/napo\/#organization"},"image":{"@id":"https:\/\/gpsantarosa.gob.ec\/napo\/segunda-socializacion-del-presupuesto-participativo\/#primaryimage"},"thumbnailUrl":"https:\/\/gpsantarosa.gob.ec\/napo\/wp-content\/uploads\/2024\/08\/1-2.png","articleSection":["News","Ultimas Noticias"],"inLanguage":"es"},{"@type":"WebPage","@id":"https:\/\/gpsantarosa.gob.ec\/napo\/segunda-socializacion-del-presupuesto-participativo\/","url":"https:\/\/gpsantarosa.gob.ec\/napo\/segunda-socializacion-del-presupuesto-participativo\/","name":"Segunda Socializaci\u00f3n del Presupuesto Participativo - GAD parroquial Santa Rosa","isPartOf":{"@id":"https:\/\/gpsantarosa.gob.ec\/napo\/#website"},"primaryImageOfPage":{"@id":"https:\/\/gpsantarosa.gob.ec\/napo\/segunda-socializacion-del-presupuesto-participativo\/#primaryimage"},"image":{"@id":"https:\/\/gpsantarosa.gob.ec\/napo\/segunda-socializacion-del-presupuesto-participativo\/#primaryimage"},"thumbnailUrl":"https:\/\/gpsantarosa.gob.ec\/napo\/wp-content\/uploads\/2024\/08\/1-2.png","datePublished":"2024-08-28T02:26:06+00:00","breadcrumb":{"@id":"https:\/\/gpsantarosa.gob.ec\/napo\/segunda-socializacion-del-presupuesto-participativo\/#breadcrumb"},"inLanguage":"es","potentialAction":[{"@type":"ReadAction","target":["https:\/\/gpsantarosa.gob.ec\/napo\/segunda-socializacion-del-presupuesto-participativo\/"]}]},{"@type":"ImageObject","inLanguage":"es","@id":"https:\/\/gpsantarosa.gob.ec\/napo\/segunda-socializacion-del-presupuesto-participativo\/#primaryimage","url":"https:\/\/gpsantarosa.gob.ec\/napo\/wp-content\/uploads\/2024\/08\/1-2.png","contentUrl":"https:\/\/gpsantarosa.gob.ec\/napo\/wp-content\/uploads\/2024\/08\/1-2.png","width":800,"height":600},{"@type":"BreadcrumbList","@id":"https:\/\/gpsantarosa.gob.ec\/napo\/segunda-socializacion-del-presupuesto-participativo\/#breadcrumb","itemListElement":[{"@type":"ListItem","position":1,"name":"Home","item":"https:\/\/gpsantarosa.gob.ec\/napo\/"},{"@type":"ListItem","position":2,"name":"Segunda Socializaci\u00f3n del Presupuesto Participativo"}]},{"@type":"WebSite","@id":"https:\/\/gpsantarosa.gob.ec\/napo\/#website","url":"https:\/\/gpsantarosa.gob.ec\/napo\/","name":"GAD Parroquial de Santa Rosa del Chaco","description":"Pagina Oficial de la Parroquia de Santa Rosa del Chaco","publisher":{"@id":"https:\/\/gpsantarosa.gob.ec\/napo\/#organization"},"potentialAction":[{"@type":"SearchAction","target":{"@type":"EntryPoint","urlTemplate":"https:\/\/gpsantarosa.gob.ec\/napo\/?s={search_term_string}"},"query-input":{"@type":"PropertyValueSpecification","valueRequired":true,"valueName":"search_term_string"}}],"inLanguage":"es"},{"@type":"Organization","@id":"https:\/\/gpsantarosa.gob.ec\/napo\/#organization","name":"GAD Parroquial de Santa Rosa Napo","url":"https:\/\/gpsantarosa.gob.ec\/napo\/","logo":{"@type":"ImageObject","inLanguage":"es","@id":"https:\/\/gpsantarosa.gob.ec\/napo\/#\/schema\/logo\/image\/","url":"https:\/\/gpsantarosa.gob.ec\/napo\/wp-content\/uploads\/2020\/06\/logoFooter.png","contentUrl":"https:\/\/gpsantarosa.gob.ec\/napo\/wp-content\/uploads\/2020\/06\/logoFooter.png","width":160,"height":156,"caption":"GAD Parroquial de Santa Rosa Napo"},"image":{"@id":"https:\/\/gpsantarosa.gob.ec\/napo\/#\/schema\/logo\/image\/"}},{"@type":"Person","@id":"https:\/\/gpsantarosa.gob.ec\/napo\/#\/schema\/person\/27a20bad652dade76f8facbe33eb2a63","name":"gpsantarosa","image":{"@type":"ImageObject","inLanguage":"es","@id":"https:\/\/gpsantarosa.gob.ec\/napo\/#\/schema\/person\/image\/","url":"https:\/\/secure.gravatar.com\/avatar\/c21e74c0351cba7528f5013877a8492cfa66c7e480524a21629edb76ef465569?s=96&d=mm&r=g","contentUrl":"https:\/\/secure.gravatar.com\/avatar\/c21e74c0351cba7528f5013877a8492cfa66c7e480524a21629edb76ef465569?s=96&d=mm&r=g","caption":"gpsantarosa"},"url":"https:\/\/gpsantarosa.gob.ec\/napo\/author\/gpsantarosa\/"}]}},"_links":{"self":[{"href":"https:\/\/gpsantarosa.gob.ec\/napo\/wp-json\/wp\/v2\/posts\/2199","targetHints":{"allow":["GET"]}}],"collection":[{"href":"https:\/\/gpsantarosa.gob.ec\/napo\/wp-json\/wp\/v2\/posts"}],"about":[{"href":"https:\/\/gpsantarosa.gob.ec\/napo\/wp-json\/wp\/v2\/types\/post"}],"author":[{"embeddable":true,"href":"https:\/\/gpsantarosa.gob.ec\/napo\/wp-json\/wp\/v2\/users\/10"}],"replies":[{"embeddable":true,"href":"https:\/\/gpsantarosa.gob.ec\/napo\/wp-json\/wp\/v2\/comments?post=2199"}],"version-history":[{"count":4,"href":"https:\/\/gpsantarosa.gob.ec\/napo\/wp-json\/wp\/v2\/posts\/2199\/revisions"}],"predecessor-version":[{"id":2211,"href":"https:\/\/gpsantarosa.gob.ec\/napo\/wp-json\/wp\/v2\/posts\/2199\/revisions\/2211"}],"wp:featuredmedia":[{"embeddable":true,"href":"https:\/\/gpsantarosa.gob.ec\/napo\/wp-json\/wp\/v2\/media\/2200"}],"wp:attachment":[{"href":"https:\/\/gpsantarosa.gob.ec\/napo\/wp-json\/wp\/v2\/media?parent=2199"}],"wp:term":[{"taxonomy":"category","embeddable":true,"href":"https:\/\/gpsantarosa.gob.ec\/napo\/wp-json\/wp\/v2\/categories?post=2199"},{"taxonomy":"post_tag","embeddable":true,"href":"https:\/\/gpsantarosa.gob.ec\/napo\/wp-json\/wp\/v2\/tags?post=2199"}],"curies":[{"name":"wp","href":"https:\/\/api.w.org\/{rel}","templated":true}]}}