{"id":2240,"date":"2024-09-16T21:00:01","date_gmt":"2024-09-17T01:00:01","guid":{"rendered":"https:\/\/gpsantarosa.gob.ec\/napo\/?p=2240"},"modified":"2024-09-16T21:00:01","modified_gmt":"2024-09-17T01:00:01","slug":"reunion-de-trabajo-con-la-prefectura-de-napo","status":"publish","type":"post","link":"https:\/\/gpsantarosa.gob.ec\/napo\/reunion-de-trabajo-con-la-prefectura-de-napo\/","title":{"rendered":"Reuni\u00f3n de Trabajo con la Prefectura De Napo"},"content":{"rendered":"<p><strong>El Tnlgo. Efr\u00e9n P\u00e9rez<\/strong>, presidente del GAD Parroquial de Santa Rosa, junto a las autoridades y moradores de los sectores Santa Rosa Alto, Cascabel, Cusumbe y Cacapishco, asistieron al auditorio del GAD Municipal de Quijos para dialogar con el <strong>Tnlgo. Jos\u00e9 Alejandro Toapanta Bastidas<\/strong>, Prefecto de la Provincia de Napo, y su equipo de trabajo. Durante la reuni\u00f3n, se realiz\u00f3 un seguimiento de los proyectos en \u00e1reas prioritarias como la vialidad\u00a0 y la producci\u00f3n entre otras. Este encuentro fue un impulso motivador para la comunidad , reafirmando el compromiso colectivo de trabajar por un futuro m\u00e1s pr\u00f3spero para la parroquia de Santa Rosa.<\/p>\n<div data-carousel-extra='{\"blog_id\":1,\"permalink\":\"https:\\\/\\\/gpsantarosa.gob.ec\\\/napo\\\/reunion-de-trabajo-con-la-prefectura-de-napo\\\/\"}' class=\"tiled-gallery type-rectangular\" data-original-width=\"500\"><div class=\"gallery-row\" style=\"width: 495px; height: 233px;\"><div class=\"gallery-group images-1\" style=\"width: 331px; height: 237px;\"><div class=\"tiled-gallery-item tiled-gallery-item-large\"><a href=\"https:\/\/gpsantarosa.gob.ec\/napo\/reunion-de-trabajo-con-la-prefectura-de-napo\/1-10\/\"><img loading=\"lazy\" decoding=\"async\" data-attachment-id=\"2241\" data-orig-file=\"https:\/\/gpsantarosa.gob.ec\/napo\/wp-content\/uploads\/2024\/09\/1-1.png\" data-orig-size=\"700,500\" data-comments-opened=\"0\" data-image-meta=\"{&quot;aperture&quot;:&quot;0&quot;,&quot;credit&quot;:&quot;&quot;,&quot;camera&quot;:&quot;&quot;,&quot;caption&quot;:&quot;&quot;,&quot;created_timestamp&quot;:&quot;0&quot;,&quot;copyright&quot;:&quot;&quot;,&quot;focal_length&quot;:&quot;0&quot;,&quot;iso&quot;:&quot;0&quot;,&quot;shutter_speed&quot;:&quot;0&quot;,&quot;title&quot;:&quot;&quot;,&quot;orientation&quot;:&quot;0&quot;}\" data-image-title=\"1\" data-image-description=\"\" data-medium-file=\"https:\/\/gpsantarosa.gob.ec\/napo\/wp-content\/uploads\/2024\/09\/1-1-550x393.png\" data-large-file=\"https:\/\/gpsantarosa.gob.ec\/napo\/wp-content\/uploads\/2024\/09\/1-1.png\" src=\"https:\/\/gpsantarosa.gob.ec\/napo\/wp-content\/uploads\/2024\/09\/1-1-327x233.png\" width=\"327\" height=\"233\" align=\"left\" title=\"1\" \/><\/a><\/div><\/div><div class=\"gallery-group images-2\" style=\"width: 164px; height: 237px;\"><div class=\"tiled-gallery-item tiled-gallery-item-small\"><a href=\"https:\/\/gpsantarosa.gob.ec\/napo\/reunion-de-trabajo-con-la-prefectura-de-napo\/2-8\/\"><img loading=\"lazy\" decoding=\"async\" data-attachment-id=\"2242\" data-orig-file=\"https:\/\/gpsantarosa.gob.ec\/napo\/wp-content\/uploads\/2024\/09\/2-1.png\" data-orig-size=\"700,500\" data-comments-opened=\"0\" data-image-meta=\"{&quot;aperture&quot;:&quot;0&quot;,&quot;credit&quot;:&quot;&quot;,&quot;camera&quot;:&quot;&quot;,&quot;caption&quot;:&quot;&quot;,&quot;created_timestamp&quot;:&quot;0&quot;,&quot;copyright&quot;:&quot;&quot;,&quot;focal_length&quot;:&quot;0&quot;,&quot;iso&quot;:&quot;0&quot;,&quot;shutter_speed&quot;:&quot;0&quot;,&quot;title&quot;:&quot;&quot;,&quot;orientation&quot;:&quot;0&quot;}\" data-image-title=\"2\" data-image-description=\"\" data-medium-file=\"https:\/\/gpsantarosa.gob.ec\/napo\/wp-content\/uploads\/2024\/09\/2-1-550x393.png\" data-large-file=\"https:\/\/gpsantarosa.gob.ec\/napo\/wp-content\/uploads\/2024\/09\/2-1.png\" src=\"https:\/\/gpsantarosa.gob.ec\/napo\/wp-content\/uploads\/2024\/09\/2-1-160x115.png\" width=\"160\" height=\"115\" align=\"left\" title=\"2\" \/><\/a><\/div><div class=\"tiled-gallery-item tiled-gallery-item-small\"><a href=\"https:\/\/gpsantarosa.gob.ec\/napo\/reunion-de-trabajo-con-la-prefectura-de-napo\/3-9\/\"><img loading=\"lazy\" decoding=\"async\" data-attachment-id=\"2243\" data-orig-file=\"https:\/\/gpsantarosa.gob.ec\/napo\/wp-content\/uploads\/2024\/09\/3-1.png\" data-orig-size=\"700,500\" data-comments-opened=\"0\" data-image-meta=\"{&quot;aperture&quot;:&quot;0&quot;,&quot;credit&quot;:&quot;&quot;,&quot;camera&quot;:&quot;&quot;,&quot;caption&quot;:&quot;&quot;,&quot;created_timestamp&quot;:&quot;0&quot;,&quot;copyright&quot;:&quot;&quot;,&quot;focal_length&quot;:&quot;0&quot;,&quot;iso&quot;:&quot;0&quot;,&quot;shutter_speed&quot;:&quot;0&quot;,&quot;title&quot;:&quot;&quot;,&quot;orientation&quot;:&quot;0&quot;}\" data-image-title=\"3\" data-image-description=\"\" data-medium-file=\"https:\/\/gpsantarosa.gob.ec\/napo\/wp-content\/uploads\/2024\/09\/3-1-550x393.png\" data-large-file=\"https:\/\/gpsantarosa.gob.ec\/napo\/wp-content\/uploads\/2024\/09\/3-1.png\" src=\"https:\/\/gpsantarosa.gob.ec\/napo\/wp-content\/uploads\/2024\/09\/3-1-160x114.png\" width=\"160\" height=\"114\" align=\"left\" title=\"3\" \/><\/a><\/div><\/div><\/div><div class=\"gallery-row\" style=\"width: 495px; height: 115px;\"><div class=\"gallery-group images-1\" style=\"width: 165px; height: 119px;\"><div class=\"tiled-gallery-item tiled-gallery-item-small\"><a href=\"https:\/\/gpsantarosa.gob.ec\/napo\/reunion-de-trabajo-con-la-prefectura-de-napo\/4-8\/\"><img loading=\"lazy\" decoding=\"async\" data-attachment-id=\"2244\" data-orig-file=\"https:\/\/gpsantarosa.gob.ec\/napo\/wp-content\/uploads\/2024\/09\/4-1.png\" data-orig-size=\"700,500\" data-comments-opened=\"0\" data-image-meta=\"{&quot;aperture&quot;:&quot;0&quot;,&quot;credit&quot;:&quot;&quot;,&quot;camera&quot;:&quot;&quot;,&quot;caption&quot;:&quot;&quot;,&quot;created_timestamp&quot;:&quot;0&quot;,&quot;copyright&quot;:&quot;&quot;,&quot;focal_length&quot;:&quot;0&quot;,&quot;iso&quot;:&quot;0&quot;,&quot;shutter_speed&quot;:&quot;0&quot;,&quot;title&quot;:&quot;&quot;,&quot;orientation&quot;:&quot;0&quot;}\" data-image-title=\"4\" data-image-description=\"\" data-medium-file=\"https:\/\/gpsantarosa.gob.ec\/napo\/wp-content\/uploads\/2024\/09\/4-1-550x393.png\" data-large-file=\"https:\/\/gpsantarosa.gob.ec\/napo\/wp-content\/uploads\/2024\/09\/4-1.png\" src=\"https:\/\/gpsantarosa.gob.ec\/napo\/wp-content\/uploads\/2024\/09\/4-1-161x115.png\" width=\"161\" height=\"115\" align=\"left\" title=\"4\" \/><\/a><\/div><\/div><div class=\"gallery-group images-1\" style=\"width: 165px; height: 119px;\"><div class=\"tiled-gallery-item tiled-gallery-item-small\"><a href=\"https:\/\/gpsantarosa.gob.ec\/napo\/reunion-de-trabajo-con-la-prefectura-de-napo\/5-7\/\"><img loading=\"lazy\" decoding=\"async\" data-attachment-id=\"2245\" data-orig-file=\"https:\/\/gpsantarosa.gob.ec\/napo\/wp-content\/uploads\/2024\/09\/5-1.png\" data-orig-size=\"700,500\" data-comments-opened=\"0\" data-image-meta=\"{&quot;aperture&quot;:&quot;0&quot;,&quot;credit&quot;:&quot;&quot;,&quot;camera&quot;:&quot;&quot;,&quot;caption&quot;:&quot;&quot;,&quot;created_timestamp&quot;:&quot;0&quot;,&quot;copyright&quot;:&quot;&quot;,&quot;focal_length&quot;:&quot;0&quot;,&quot;iso&quot;:&quot;0&quot;,&quot;shutter_speed&quot;:&quot;0&quot;,&quot;title&quot;:&quot;&quot;,&quot;orientation&quot;:&quot;0&quot;}\" data-image-title=\"5\" data-image-description=\"\" data-medium-file=\"https:\/\/gpsantarosa.gob.ec\/napo\/wp-content\/uploads\/2024\/09\/5-1-550x393.png\" data-large-file=\"https:\/\/gpsantarosa.gob.ec\/napo\/wp-content\/uploads\/2024\/09\/5-1.png\" src=\"https:\/\/gpsantarosa.gob.ec\/napo\/wp-content\/uploads\/2024\/09\/5-1-161x115.png\" width=\"161\" height=\"115\" align=\"left\" title=\"5\" \/><\/a><\/div><\/div><div class=\"gallery-group images-1\" style=\"width: 165px; height: 119px;\"><div class=\"tiled-gallery-item tiled-gallery-item-small\"><a href=\"https:\/\/gpsantarosa.gob.ec\/napo\/reunion-de-trabajo-con-la-prefectura-de-napo\/6-6\/\"><img loading=\"lazy\" decoding=\"async\" data-attachment-id=\"2246\" data-orig-file=\"https:\/\/gpsantarosa.gob.ec\/napo\/wp-content\/uploads\/2024\/09\/6-1.png\" data-orig-size=\"700,500\" data-comments-opened=\"0\" data-image-meta=\"{&quot;aperture&quot;:&quot;0&quot;,&quot;credit&quot;:&quot;&quot;,&quot;camera&quot;:&quot;&quot;,&quot;caption&quot;:&quot;&quot;,&quot;created_timestamp&quot;:&quot;0&quot;,&quot;copyright&quot;:&quot;&quot;,&quot;focal_length&quot;:&quot;0&quot;,&quot;iso&quot;:&quot;0&quot;,&quot;shutter_speed&quot;:&quot;0&quot;,&quot;title&quot;:&quot;&quot;,&quot;orientation&quot;:&quot;0&quot;}\" data-image-title=\"6\" data-image-description=\"\" data-medium-file=\"https:\/\/gpsantarosa.gob.ec\/napo\/wp-content\/uploads\/2024\/09\/6-1-550x393.png\" data-large-file=\"https:\/\/gpsantarosa.gob.ec\/napo\/wp-content\/uploads\/2024\/09\/6-1.png\" src=\"https:\/\/gpsantarosa.gob.ec\/napo\/wp-content\/uploads\/2024\/09\/6-1-161x115.png\" width=\"161\" height=\"115\" align=\"left\" title=\"6\" \/><\/a><\/div><\/div><\/div><div class=\"gallery-row\" style=\"width: 495px; height: 233px;\"><div class=\"gallery-group images-2\" style=\"width: 164px; height: 237px;\"><div class=\"tiled-gallery-item tiled-gallery-item-small\"><a href=\"https:\/\/gpsantarosa.gob.ec\/napo\/reunion-de-trabajo-con-la-prefectura-de-napo\/7-6\/\"><img loading=\"lazy\" decoding=\"async\" data-attachment-id=\"2247\" data-orig-file=\"https:\/\/gpsantarosa.gob.ec\/napo\/wp-content\/uploads\/2024\/09\/7-1.png\" data-orig-size=\"700,500\" data-comments-opened=\"0\" data-image-meta=\"{&quot;aperture&quot;:&quot;0&quot;,&quot;credit&quot;:&quot;&quot;,&quot;camera&quot;:&quot;&quot;,&quot;caption&quot;:&quot;&quot;,&quot;created_timestamp&quot;:&quot;0&quot;,&quot;copyright&quot;:&quot;&quot;,&quot;focal_length&quot;:&quot;0&quot;,&quot;iso&quot;:&quot;0&quot;,&quot;shutter_speed&quot;:&quot;0&quot;,&quot;title&quot;:&quot;&quot;,&quot;orientation&quot;:&quot;0&quot;}\" data-image-title=\"7\" data-image-description=\"\" data-medium-file=\"https:\/\/gpsantarosa.gob.ec\/napo\/wp-content\/uploads\/2024\/09\/7-1-550x393.png\" data-large-file=\"https:\/\/gpsantarosa.gob.ec\/napo\/wp-content\/uploads\/2024\/09\/7-1.png\" src=\"https:\/\/gpsantarosa.gob.ec\/napo\/wp-content\/uploads\/2024\/09\/7-1-160x115.png\" width=\"160\" height=\"115\" align=\"left\" title=\"7\" \/><\/a><\/div><div class=\"tiled-gallery-item tiled-gallery-item-small\"><a href=\"https:\/\/gpsantarosa.gob.ec\/napo\/reunion-de-trabajo-con-la-prefectura-de-napo\/8-5\/\"><img loading=\"lazy\" decoding=\"async\" data-attachment-id=\"2248\" data-orig-file=\"https:\/\/gpsantarosa.gob.ec\/napo\/wp-content\/uploads\/2024\/09\/8-1.png\" data-orig-size=\"700,500\" data-comments-opened=\"0\" data-image-meta=\"{&quot;aperture&quot;:&quot;0&quot;,&quot;credit&quot;:&quot;&quot;,&quot;camera&quot;:&quot;&quot;,&quot;caption&quot;:&quot;&quot;,&quot;created_timestamp&quot;:&quot;0&quot;,&quot;copyright&quot;:&quot;&quot;,&quot;focal_length&quot;:&quot;0&quot;,&quot;iso&quot;:&quot;0&quot;,&quot;shutter_speed&quot;:&quot;0&quot;,&quot;title&quot;:&quot;&quot;,&quot;orientation&quot;:&quot;0&quot;}\" data-image-title=\"8\" data-image-description=\"\" data-medium-file=\"https:\/\/gpsantarosa.gob.ec\/napo\/wp-content\/uploads\/2024\/09\/8-1-550x393.png\" data-large-file=\"https:\/\/gpsantarosa.gob.ec\/napo\/wp-content\/uploads\/2024\/09\/8-1.png\" src=\"https:\/\/gpsantarosa.gob.ec\/napo\/wp-content\/uploads\/2024\/09\/8-1-160x114.png\" width=\"160\" height=\"114\" align=\"left\" title=\"8\" \/><\/a><\/div><\/div><div class=\"gallery-group images-1\" style=\"width: 331px; height: 237px;\"><div class=\"tiled-gallery-item tiled-gallery-item-large\"><a href=\"https:\/\/gpsantarosa.gob.ec\/napo\/reunion-de-trabajo-con-la-prefectura-de-napo\/9-5\/\"><img loading=\"lazy\" decoding=\"async\" data-attachment-id=\"2249\" data-orig-file=\"https:\/\/gpsantarosa.gob.ec\/napo\/wp-content\/uploads\/2024\/09\/9-1.png\" data-orig-size=\"700,500\" data-comments-opened=\"0\" data-image-meta=\"{&quot;aperture&quot;:&quot;0&quot;,&quot;credit&quot;:&quot;&quot;,&quot;camera&quot;:&quot;&quot;,&quot;caption&quot;:&quot;&quot;,&quot;created_timestamp&quot;:&quot;0&quot;,&quot;copyright&quot;:&quot;&quot;,&quot;focal_length&quot;:&quot;0&quot;,&quot;iso&quot;:&quot;0&quot;,&quot;shutter_speed&quot;:&quot;0&quot;,&quot;title&quot;:&quot;&quot;,&quot;orientation&quot;:&quot;0&quot;}\" data-image-title=\"9\" data-image-description=\"\" data-medium-file=\"https:\/\/gpsantarosa.gob.ec\/napo\/wp-content\/uploads\/2024\/09\/9-1-550x393.png\" data-large-file=\"https:\/\/gpsantarosa.gob.ec\/napo\/wp-content\/uploads\/2024\/09\/9-1.png\" src=\"https:\/\/gpsantarosa.gob.ec\/napo\/wp-content\/uploads\/2024\/09\/9-1-327x233.png\" width=\"327\" height=\"233\" align=\"left\" title=\"9\" \/><\/a><\/div><\/div><\/div><\/div>\n","protected":false},"excerpt":{"rendered":"<p>El Tnlgo. Efr\u00e9n P\u00e9rez, presidente del GAD Parroquial de Santa Rosa, junto a las autoridades y moradores de los sectores Santa Rosa Alto, Cascabel, Cusumbe y Cacapishco, asistieron al auditorio del GAD Municipal de Quijos para dialogar con el Tnlgo. Jos\u00e9 Alejandro Toapanta Bastidas, Prefecto de la Provincia de Napo, y su equipo de trabajo. [&hellip;]<\/p>\n","protected":false},"author":10,"featured_media":2242,"comment_status":"closed","ping_status":"closed","sticky":false,"template":"","format":"standard","meta":{"footnotes":""},"categories":[3,46],"tags":[],"class_list":["post-2240","post","type-post","status-publish","format-standard","has-post-thumbnail","hentry","category-s1-news","category-c76-ultimas-noticias"],"yoast_head":"<!-- This site is optimized with the Yoast SEO plugin v26.8 - https:\/\/yoast.com\/product\/yoast-seo-wordpress\/ -->\n<title>Reuni\u00f3n de Trabajo con la Prefectura De Napo - GAD parroquial Santa Rosa<\/title>\n<meta name=\"robots\" content=\"index, follow, max-snippet:-1, max-image-preview:large, max-video-preview:-1\" \/>\n<link rel=\"canonical\" href=\"https:\/\/gpsantarosa.gob.ec\/napo\/reunion-de-trabajo-con-la-prefectura-de-napo\/\" \/>\n<meta property=\"og:locale\" content=\"es_ES\" \/>\n<meta property=\"og:type\" content=\"article\" \/>\n<meta property=\"og:title\" content=\"Reuni\u00f3n de Trabajo con la Prefectura De Napo - GAD parroquial Santa Rosa\" \/>\n<meta property=\"og:description\" content=\"El Tnlgo. Efr\u00e9n P\u00e9rez, presidente del GAD Parroquial de Santa Rosa, junto a las autoridades y moradores de los sectores Santa Rosa Alto, Cascabel, Cusumbe y Cacapishco, asistieron al auditorio del GAD Municipal de Quijos para dialogar con el Tnlgo. Jos\u00e9 Alejandro Toapanta Bastidas, Prefecto de la Provincia de Napo, y su equipo de trabajo. [&hellip;]\" \/>\n<meta property=\"og:url\" content=\"https:\/\/gpsantarosa.gob.ec\/napo\/reunion-de-trabajo-con-la-prefectura-de-napo\/\" \/>\n<meta property=\"og:site_name\" content=\"GAD parroquial Santa Rosa\" \/>\n<meta property=\"article:published_time\" content=\"2024-09-17T01:00:01+00:00\" \/>\n<meta property=\"og:image\" content=\"https:\/\/gpsantarosa.gob.ec\/napo\/wp-content\/uploads\/2024\/09\/2-1.png\" \/>\n\t<meta property=\"og:image:width\" content=\"700\" \/>\n\t<meta property=\"og:image:height\" content=\"500\" \/>\n\t<meta property=\"og:image:type\" content=\"image\/png\" \/>\n<meta name=\"author\" content=\"gpsantarosa\" \/>\n<meta name=\"twitter:card\" content=\"summary_large_image\" \/>\n<meta name=\"twitter:label1\" content=\"Escrito por\" \/>\n\t<meta name=\"twitter:data1\" content=\"gpsantarosa\" \/>\n\t<meta name=\"twitter:label2\" content=\"Tiempo de lectura\" \/>\n\t<meta name=\"twitter:data2\" content=\"1 minuto\" \/>\n<script type=\"application\/ld+json\" class=\"yoast-schema-graph\">{\"@context\":\"https:\/\/schema.org\",\"@graph\":[{\"@type\":\"Article\",\"@id\":\"https:\/\/gpsantarosa.gob.ec\/napo\/reunion-de-trabajo-con-la-prefectura-de-napo\/#article\",\"isPartOf\":{\"@id\":\"https:\/\/gpsantarosa.gob.ec\/napo\/reunion-de-trabajo-con-la-prefectura-de-napo\/\"},\"author\":{\"name\":\"gpsantarosa\",\"@id\":\"https:\/\/gpsantarosa.gob.ec\/napo\/#\/schema\/person\/27a20bad652dade76f8facbe33eb2a63\"},\"headline\":\"Reuni\u00f3n de Trabajo con la Prefectura De Napo\",\"datePublished\":\"2024-09-17T01:00:01+00:00\",\"mainEntityOfPage\":{\"@id\":\"https:\/\/gpsantarosa.gob.ec\/napo\/reunion-de-trabajo-con-la-prefectura-de-napo\/\"},\"wordCount\":124,\"publisher\":{\"@id\":\"https:\/\/gpsantarosa.gob.ec\/napo\/#organization\"},\"image\":{\"@id\":\"https:\/\/gpsantarosa.gob.ec\/napo\/reunion-de-trabajo-con-la-prefectura-de-napo\/#primaryimage\"},\"thumbnailUrl\":\"https:\/\/gpsantarosa.gob.ec\/napo\/wp-content\/uploads\/2024\/09\/2-1.png\",\"articleSection\":[\"News\",\"Ultimas Noticias\"],\"inLanguage\":\"es\"},{\"@type\":\"WebPage\",\"@id\":\"https:\/\/gpsantarosa.gob.ec\/napo\/reunion-de-trabajo-con-la-prefectura-de-napo\/\",\"url\":\"https:\/\/gpsantarosa.gob.ec\/napo\/reunion-de-trabajo-con-la-prefectura-de-napo\/\",\"name\":\"Reuni\u00f3n de Trabajo con la Prefectura De Napo - GAD parroquial Santa Rosa\",\"isPartOf\":{\"@id\":\"https:\/\/gpsantarosa.gob.ec\/napo\/#website\"},\"primaryImageOfPage\":{\"@id\":\"https:\/\/gpsantarosa.gob.ec\/napo\/reunion-de-trabajo-con-la-prefectura-de-napo\/#primaryimage\"},\"image\":{\"@id\":\"https:\/\/gpsantarosa.gob.ec\/napo\/reunion-de-trabajo-con-la-prefectura-de-napo\/#primaryimage\"},\"thumbnailUrl\":\"https:\/\/gpsantarosa.gob.ec\/napo\/wp-content\/uploads\/2024\/09\/2-1.png\",\"datePublished\":\"2024-09-17T01:00:01+00:00\",\"breadcrumb\":{\"@id\":\"https:\/\/gpsantarosa.gob.ec\/napo\/reunion-de-trabajo-con-la-prefectura-de-napo\/#breadcrumb\"},\"inLanguage\":\"es\",\"potentialAction\":[{\"@type\":\"ReadAction\",\"target\":[\"https:\/\/gpsantarosa.gob.ec\/napo\/reunion-de-trabajo-con-la-prefectura-de-napo\/\"]}]},{\"@type\":\"ImageObject\",\"inLanguage\":\"es\",\"@id\":\"https:\/\/gpsantarosa.gob.ec\/napo\/reunion-de-trabajo-con-la-prefectura-de-napo\/#primaryimage\",\"url\":\"https:\/\/gpsantarosa.gob.ec\/napo\/wp-content\/uploads\/2024\/09\/2-1.png\",\"contentUrl\":\"https:\/\/gpsantarosa.gob.ec\/napo\/wp-content\/uploads\/2024\/09\/2-1.png\",\"width\":700,\"height\":500},{\"@type\":\"BreadcrumbList\",\"@id\":\"https:\/\/gpsantarosa.gob.ec\/napo\/reunion-de-trabajo-con-la-prefectura-de-napo\/#breadcrumb\",\"itemListElement\":[{\"@type\":\"ListItem\",\"position\":1,\"name\":\"Home\",\"item\":\"https:\/\/gpsantarosa.gob.ec\/napo\/\"},{\"@type\":\"ListItem\",\"position\":2,\"name\":\"Reuni\u00f3n de Trabajo con la Prefectura De Napo\"}]},{\"@type\":\"WebSite\",\"@id\":\"https:\/\/gpsantarosa.gob.ec\/napo\/#website\",\"url\":\"https:\/\/gpsantarosa.gob.ec\/napo\/\",\"name\":\"GAD Parroquial de Santa Rosa del Chaco\",\"description\":\"Pagina Oficial de la Parroquia de Santa Rosa del Chaco\",\"publisher\":{\"@id\":\"https:\/\/gpsantarosa.gob.ec\/napo\/#organization\"},\"potentialAction\":[{\"@type\":\"SearchAction\",\"target\":{\"@type\":\"EntryPoint\",\"urlTemplate\":\"https:\/\/gpsantarosa.gob.ec\/napo\/?s={search_term_string}\"},\"query-input\":{\"@type\":\"PropertyValueSpecification\",\"valueRequired\":true,\"valueName\":\"search_term_string\"}}],\"inLanguage\":\"es\"},{\"@type\":\"Organization\",\"@id\":\"https:\/\/gpsantarosa.gob.ec\/napo\/#organization\",\"name\":\"GAD Parroquial de Santa Rosa Napo\",\"url\":\"https:\/\/gpsantarosa.gob.ec\/napo\/\",\"logo\":{\"@type\":\"ImageObject\",\"inLanguage\":\"es\",\"@id\":\"https:\/\/gpsantarosa.gob.ec\/napo\/#\/schema\/logo\/image\/\",\"url\":\"https:\/\/gpsantarosa.gob.ec\/napo\/wp-content\/uploads\/2020\/06\/logoFooter.png\",\"contentUrl\":\"https:\/\/gpsantarosa.gob.ec\/napo\/wp-content\/uploads\/2020\/06\/logoFooter.png\",\"width\":160,\"height\":156,\"caption\":\"GAD Parroquial de Santa Rosa Napo\"},\"image\":{\"@id\":\"https:\/\/gpsantarosa.gob.ec\/napo\/#\/schema\/logo\/image\/\"}},{\"@type\":\"Person\",\"@id\":\"https:\/\/gpsantarosa.gob.ec\/napo\/#\/schema\/person\/27a20bad652dade76f8facbe33eb2a63\",\"name\":\"gpsantarosa\",\"image\":{\"@type\":\"ImageObject\",\"inLanguage\":\"es\",\"@id\":\"https:\/\/gpsantarosa.gob.ec\/napo\/#\/schema\/person\/image\/\",\"url\":\"https:\/\/secure.gravatar.com\/avatar\/c21e74c0351cba7528f5013877a8492cfa66c7e480524a21629edb76ef465569?s=96&d=mm&r=g\",\"contentUrl\":\"https:\/\/secure.gravatar.com\/avatar\/c21e74c0351cba7528f5013877a8492cfa66c7e480524a21629edb76ef465569?s=96&d=mm&r=g\",\"caption\":\"gpsantarosa\"},\"url\":\"https:\/\/gpsantarosa.gob.ec\/napo\/author\/gpsantarosa\/\"}]}<\/script>\n<!-- \/ Yoast SEO plugin. -->","yoast_head_json":{"title":"Reuni\u00f3n de Trabajo con la Prefectura De Napo - GAD parroquial Santa Rosa","robots":{"index":"index","follow":"follow","max-snippet":"max-snippet:-1","max-image-preview":"max-image-preview:large","max-video-preview":"max-video-preview:-1"},"canonical":"https:\/\/gpsantarosa.gob.ec\/napo\/reunion-de-trabajo-con-la-prefectura-de-napo\/","og_locale":"es_ES","og_type":"article","og_title":"Reuni\u00f3n de Trabajo con la Prefectura De Napo - GAD parroquial Santa Rosa","og_description":"El Tnlgo. Efr\u00e9n P\u00e9rez, presidente del GAD Parroquial de Santa Rosa, junto a las autoridades y moradores de los sectores Santa Rosa Alto, Cascabel, Cusumbe y Cacapishco, asistieron al auditorio del GAD Municipal de Quijos para dialogar con el Tnlgo. Jos\u00e9 Alejandro Toapanta Bastidas, Prefecto de la Provincia de Napo, y su equipo de trabajo. [&hellip;]","og_url":"https:\/\/gpsantarosa.gob.ec\/napo\/reunion-de-trabajo-con-la-prefectura-de-napo\/","og_site_name":"GAD parroquial Santa Rosa","article_published_time":"2024-09-17T01:00:01+00:00","og_image":[{"width":700,"height":500,"url":"https:\/\/gpsantarosa.gob.ec\/napo\/wp-content\/uploads\/2024\/09\/2-1.png","type":"image\/png"}],"author":"gpsantarosa","twitter_card":"summary_large_image","twitter_misc":{"Escrito por":"gpsantarosa","Tiempo de lectura":"1 minuto"},"schema":{"@context":"https:\/\/schema.org","@graph":[{"@type":"Article","@id":"https:\/\/gpsantarosa.gob.ec\/napo\/reunion-de-trabajo-con-la-prefectura-de-napo\/#article","isPartOf":{"@id":"https:\/\/gpsantarosa.gob.ec\/napo\/reunion-de-trabajo-con-la-prefectura-de-napo\/"},"author":{"name":"gpsantarosa","@id":"https:\/\/gpsantarosa.gob.ec\/napo\/#\/schema\/person\/27a20bad652dade76f8facbe33eb2a63"},"headline":"Reuni\u00f3n de Trabajo con la Prefectura De Napo","datePublished":"2024-09-17T01:00:01+00:00","mainEntityOfPage":{"@id":"https:\/\/gpsantarosa.gob.ec\/napo\/reunion-de-trabajo-con-la-prefectura-de-napo\/"},"wordCount":124,"publisher":{"@id":"https:\/\/gpsantarosa.gob.ec\/napo\/#organization"},"image":{"@id":"https:\/\/gpsantarosa.gob.ec\/napo\/reunion-de-trabajo-con-la-prefectura-de-napo\/#primaryimage"},"thumbnailUrl":"https:\/\/gpsantarosa.gob.ec\/napo\/wp-content\/uploads\/2024\/09\/2-1.png","articleSection":["News","Ultimas Noticias"],"inLanguage":"es"},{"@type":"WebPage","@id":"https:\/\/gpsantarosa.gob.ec\/napo\/reunion-de-trabajo-con-la-prefectura-de-napo\/","url":"https:\/\/gpsantarosa.gob.ec\/napo\/reunion-de-trabajo-con-la-prefectura-de-napo\/","name":"Reuni\u00f3n de Trabajo con la Prefectura De Napo - GAD parroquial Santa Rosa","isPartOf":{"@id":"https:\/\/gpsantarosa.gob.ec\/napo\/#website"},"primaryImageOfPage":{"@id":"https:\/\/gpsantarosa.gob.ec\/napo\/reunion-de-trabajo-con-la-prefectura-de-napo\/#primaryimage"},"image":{"@id":"https:\/\/gpsantarosa.gob.ec\/napo\/reunion-de-trabajo-con-la-prefectura-de-napo\/#primaryimage"},"thumbnailUrl":"https:\/\/gpsantarosa.gob.ec\/napo\/wp-content\/uploads\/2024\/09\/2-1.png","datePublished":"2024-09-17T01:00:01+00:00","breadcrumb":{"@id":"https:\/\/gpsantarosa.gob.ec\/napo\/reunion-de-trabajo-con-la-prefectura-de-napo\/#breadcrumb"},"inLanguage":"es","potentialAction":[{"@type":"ReadAction","target":["https:\/\/gpsantarosa.gob.ec\/napo\/reunion-de-trabajo-con-la-prefectura-de-napo\/"]}]},{"@type":"ImageObject","inLanguage":"es","@id":"https:\/\/gpsantarosa.gob.ec\/napo\/reunion-de-trabajo-con-la-prefectura-de-napo\/#primaryimage","url":"https:\/\/gpsantarosa.gob.ec\/napo\/wp-content\/uploads\/2024\/09\/2-1.png","contentUrl":"https:\/\/gpsantarosa.gob.ec\/napo\/wp-content\/uploads\/2024\/09\/2-1.png","width":700,"height":500},{"@type":"BreadcrumbList","@id":"https:\/\/gpsantarosa.gob.ec\/napo\/reunion-de-trabajo-con-la-prefectura-de-napo\/#breadcrumb","itemListElement":[{"@type":"ListItem","position":1,"name":"Home","item":"https:\/\/gpsantarosa.gob.ec\/napo\/"},{"@type":"ListItem","position":2,"name":"Reuni\u00f3n de Trabajo con la Prefectura De Napo"}]},{"@type":"WebSite","@id":"https:\/\/gpsantarosa.gob.ec\/napo\/#website","url":"https:\/\/gpsantarosa.gob.ec\/napo\/","name":"GAD Parroquial de Santa Rosa del Chaco","description":"Pagina Oficial de la Parroquia de Santa Rosa del Chaco","publisher":{"@id":"https:\/\/gpsantarosa.gob.ec\/napo\/#organization"},"potentialAction":[{"@type":"SearchAction","target":{"@type":"EntryPoint","urlTemplate":"https:\/\/gpsantarosa.gob.ec\/napo\/?s={search_term_string}"},"query-input":{"@type":"PropertyValueSpecification","valueRequired":true,"valueName":"search_term_string"}}],"inLanguage":"es"},{"@type":"Organization","@id":"https:\/\/gpsantarosa.gob.ec\/napo\/#organization","name":"GAD Parroquial de Santa Rosa Napo","url":"https:\/\/gpsantarosa.gob.ec\/napo\/","logo":{"@type":"ImageObject","inLanguage":"es","@id":"https:\/\/gpsantarosa.gob.ec\/napo\/#\/schema\/logo\/image\/","url":"https:\/\/gpsantarosa.gob.ec\/napo\/wp-content\/uploads\/2020\/06\/logoFooter.png","contentUrl":"https:\/\/gpsantarosa.gob.ec\/napo\/wp-content\/uploads\/2020\/06\/logoFooter.png","width":160,"height":156,"caption":"GAD Parroquial de Santa Rosa Napo"},"image":{"@id":"https:\/\/gpsantarosa.gob.ec\/napo\/#\/schema\/logo\/image\/"}},{"@type":"Person","@id":"https:\/\/gpsantarosa.gob.ec\/napo\/#\/schema\/person\/27a20bad652dade76f8facbe33eb2a63","name":"gpsantarosa","image":{"@type":"ImageObject","inLanguage":"es","@id":"https:\/\/gpsantarosa.gob.ec\/napo\/#\/schema\/person\/image\/","url":"https:\/\/secure.gravatar.com\/avatar\/c21e74c0351cba7528f5013877a8492cfa66c7e480524a21629edb76ef465569?s=96&d=mm&r=g","contentUrl":"https:\/\/secure.gravatar.com\/avatar\/c21e74c0351cba7528f5013877a8492cfa66c7e480524a21629edb76ef465569?s=96&d=mm&r=g","caption":"gpsantarosa"},"url":"https:\/\/gpsantarosa.gob.ec\/napo\/author\/gpsantarosa\/"}]}},"_links":{"self":[{"href":"https:\/\/gpsantarosa.gob.ec\/napo\/wp-json\/wp\/v2\/posts\/2240","targetHints":{"allow":["GET"]}}],"collection":[{"href":"https:\/\/gpsantarosa.gob.ec\/napo\/wp-json\/wp\/v2\/posts"}],"about":[{"href":"https:\/\/gpsantarosa.gob.ec\/napo\/wp-json\/wp\/v2\/types\/post"}],"author":[{"embeddable":true,"href":"https:\/\/gpsantarosa.gob.ec\/napo\/wp-json\/wp\/v2\/users\/10"}],"replies":[{"embeddable":true,"href":"https:\/\/gpsantarosa.gob.ec\/napo\/wp-json\/wp\/v2\/comments?post=2240"}],"version-history":[{"count":4,"href":"https:\/\/gpsantarosa.gob.ec\/napo\/wp-json\/wp\/v2\/posts\/2240\/revisions"}],"predecessor-version":[{"id":2253,"href":"https:\/\/gpsantarosa.gob.ec\/napo\/wp-json\/wp\/v2\/posts\/2240\/revisions\/2253"}],"wp:featuredmedia":[{"embeddable":true,"href":"https:\/\/gpsantarosa.gob.ec\/napo\/wp-json\/wp\/v2\/media\/2242"}],"wp:attachment":[{"href":"https:\/\/gpsantarosa.gob.ec\/napo\/wp-json\/wp\/v2\/media?parent=2240"}],"wp:term":[{"taxonomy":"category","embeddable":true,"href":"https:\/\/gpsantarosa.gob.ec\/napo\/wp-json\/wp\/v2\/categories?post=2240"},{"taxonomy":"post_tag","embeddable":true,"href":"https:\/\/gpsantarosa.gob.ec\/napo\/wp-json\/wp\/v2\/tags?post=2240"}],"curies":[{"name":"wp","href":"https:\/\/api.w.org\/{rel}","templated":true}]}}