{"id":2254,"date":"2024-09-21T16:59:46","date_gmt":"2024-09-21T20:59:46","guid":{"rendered":"https:\/\/gpsantarosa.gob.ec\/napo\/?p=2254"},"modified":"2024-09-21T16:59:46","modified_gmt":"2024-09-21T20:59:46","slug":"el-gad-parroquial-de-santa-rosa-comprometido-con-el-desarrollo-de-la-comunidad","status":"publish","type":"post","link":"https:\/\/gpsantarosa.gob.ec\/napo\/el-gad-parroquial-de-santa-rosa-comprometido-con-el-desarrollo-de-la-comunidad\/","title":{"rendered":"El GAD Parroquial de Santa Rosa, comprometido con el desarrollo de la Comunidad."},"content":{"rendered":"<p>El Tnlgo Efr\u00e9n P\u00e9rez presidente del Gad Parroquial de Santa Rosa, en coordinaci\u00f3n con su equipo de trabajo, realiza cunetas, apertura de v\u00eda, un terrapl\u00e9n y reconfirmaci\u00f3n de capa vegetal, en los sectores las Tres Cruces, Las Palmas y Las Antenas.<\/p>\n<p>Estas mejoras se realizan como un aporte para fomentar el desarrollo de la <strong>agricultura en el cultivo de tomate y naranjilla<\/strong>, la <strong>ganader\u00eda<\/strong> y la <strong>producci\u00f3n de leche<\/strong> en la zona.<\/p>\n<div data-carousel-extra='{\"blog_id\":1,\"permalink\":\"https:\\\/\\\/gpsantarosa.gob.ec\\\/napo\\\/el-gad-parroquial-de-santa-rosa-comprometido-con-el-desarrollo-de-la-comunidad\\\/\"}' class=\"tiled-gallery type-square\" data-original-width=\"500\"><div class=\"tiled-gallery-item\"><a border=\"0\" href=\"https:\/\/gpsantarosa.gob.ec\/napo\/el-gad-parroquial-de-santa-rosa-comprometido-con-el-desarrollo-de-la-comunidad\/3-10\/\"><img decoding=\"async\" data-attachment-id=\"2256\" data-orig-file=\"https:\/\/gpsantarosa.gob.ec\/napo\/wp-content\/uploads\/2024\/09\/3-2.png\" data-orig-size=\"700,500\" data-comments-opened=\"0\" data-image-meta=\"{&quot;aperture&quot;:&quot;0&quot;,&quot;credit&quot;:&quot;&quot;,&quot;camera&quot;:&quot;&quot;,&quot;caption&quot;:&quot;&quot;,&quot;created_timestamp&quot;:&quot;0&quot;,&quot;copyright&quot;:&quot;&quot;,&quot;focal_length&quot;:&quot;0&quot;,&quot;iso&quot;:&quot;0&quot;,&quot;shutter_speed&quot;:&quot;0&quot;,&quot;title&quot;:&quot;&quot;,&quot;orientation&quot;:&quot;0&quot;}\" data-image-title=\"3\" data-image-description=\"\" data-medium-file=\"https:\/\/gpsantarosa.gob.ec\/napo\/wp-content\/uploads\/2024\/09\/3-2-550x393.png\" data-large-file=\"https:\/\/gpsantarosa.gob.ec\/napo\/wp-content\/uploads\/2024\/09\/3-2.png\" style=\"margin: 2px\" src=\"https:\/\/gpsantarosa.gob.ec\/napo\/wp-content\/uploads\/2024\/09\/3-2-494x494.png\" width=494 height=494 title=\"3\" \/><\/a><\/div><div class=\"tiled-gallery-item\"><a border=\"0\" href=\"https:\/\/gpsantarosa.gob.ec\/napo\/el-gad-parroquial-de-santa-rosa-comprometido-con-el-desarrollo-de-la-comunidad\/2-9\/\"><img decoding=\"async\" data-attachment-id=\"2255\" data-orig-file=\"https:\/\/gpsantarosa.gob.ec\/napo\/wp-content\/uploads\/2024\/09\/2-2.png\" data-orig-size=\"700,500\" data-comments-opened=\"0\" data-image-meta=\"{&quot;aperture&quot;:&quot;0&quot;,&quot;credit&quot;:&quot;&quot;,&quot;camera&quot;:&quot;&quot;,&quot;caption&quot;:&quot;&quot;,&quot;created_timestamp&quot;:&quot;0&quot;,&quot;copyright&quot;:&quot;&quot;,&quot;focal_length&quot;:&quot;0&quot;,&quot;iso&quot;:&quot;0&quot;,&quot;shutter_speed&quot;:&quot;0&quot;,&quot;title&quot;:&quot;&quot;,&quot;orientation&quot;:&quot;0&quot;}\" data-image-title=\"2\" data-image-description=\"\" data-medium-file=\"https:\/\/gpsantarosa.gob.ec\/napo\/wp-content\/uploads\/2024\/09\/2-2-550x393.png\" data-large-file=\"https:\/\/gpsantarosa.gob.ec\/napo\/wp-content\/uploads\/2024\/09\/2-2.png\" style=\"margin: 2px\" src=\"https:\/\/gpsantarosa.gob.ec\/napo\/wp-content\/uploads\/2024\/09\/2-2-162x162.png\" width=162 height=162 title=\"2\" \/><\/a><\/div><div class=\"tiled-gallery-item\"><a border=\"0\" href=\"https:\/\/gpsantarosa.gob.ec\/napo\/el-gad-parroquial-de-santa-rosa-comprometido-con-el-desarrollo-de-la-comunidad\/4-9\/\"><img decoding=\"async\" data-attachment-id=\"2257\" data-orig-file=\"https:\/\/gpsantarosa.gob.ec\/napo\/wp-content\/uploads\/2024\/09\/4-2.png\" data-orig-size=\"700,500\" data-comments-opened=\"0\" data-image-meta=\"{&quot;aperture&quot;:&quot;0&quot;,&quot;credit&quot;:&quot;&quot;,&quot;camera&quot;:&quot;&quot;,&quot;caption&quot;:&quot;&quot;,&quot;created_timestamp&quot;:&quot;0&quot;,&quot;copyright&quot;:&quot;&quot;,&quot;focal_length&quot;:&quot;0&quot;,&quot;iso&quot;:&quot;0&quot;,&quot;shutter_speed&quot;:&quot;0&quot;,&quot;title&quot;:&quot;&quot;,&quot;orientation&quot;:&quot;0&quot;}\" data-image-title=\"4\" data-image-description=\"\" data-medium-file=\"https:\/\/gpsantarosa.gob.ec\/napo\/wp-content\/uploads\/2024\/09\/4-2-550x393.png\" data-large-file=\"https:\/\/gpsantarosa.gob.ec\/napo\/wp-content\/uploads\/2024\/09\/4-2.png\" style=\"margin: 2px\" src=\"https:\/\/gpsantarosa.gob.ec\/napo\/wp-content\/uploads\/2024\/09\/4-2-162x162.png\" width=162 height=162 title=\"4\" \/><\/a><\/div><div class=\"tiled-gallery-item\"><a border=\"0\" href=\"https:\/\/gpsantarosa.gob.ec\/napo\/el-gad-parroquial-de-santa-rosa-comprometido-con-el-desarrollo-de-la-comunidad\/5-8\/\"><img decoding=\"async\" data-attachment-id=\"2258\" data-orig-file=\"https:\/\/gpsantarosa.gob.ec\/napo\/wp-content\/uploads\/2024\/09\/5-2.png\" data-orig-size=\"700,500\" data-comments-opened=\"0\" data-image-meta=\"{&quot;aperture&quot;:&quot;0&quot;,&quot;credit&quot;:&quot;&quot;,&quot;camera&quot;:&quot;&quot;,&quot;caption&quot;:&quot;&quot;,&quot;created_timestamp&quot;:&quot;0&quot;,&quot;copyright&quot;:&quot;&quot;,&quot;focal_length&quot;:&quot;0&quot;,&quot;iso&quot;:&quot;0&quot;,&quot;shutter_speed&quot;:&quot;0&quot;,&quot;title&quot;:&quot;&quot;,&quot;orientation&quot;:&quot;0&quot;}\" data-image-title=\"5\" data-image-description=\"\" data-medium-file=\"https:\/\/gpsantarosa.gob.ec\/napo\/wp-content\/uploads\/2024\/09\/5-2-550x393.png\" data-large-file=\"https:\/\/gpsantarosa.gob.ec\/napo\/wp-content\/uploads\/2024\/09\/5-2.png\" style=\"margin: 2px\" src=\"https:\/\/gpsantarosa.gob.ec\/napo\/wp-content\/uploads\/2024\/09\/5-2-162x162.png\" width=162 height=162 title=\"5\" \/><\/a><\/div><div class=\"tiled-gallery-item\"><a border=\"0\" href=\"https:\/\/gpsantarosa.gob.ec\/napo\/el-gad-parroquial-de-santa-rosa-comprometido-con-el-desarrollo-de-la-comunidad\/1-11\/\"><img decoding=\"async\" data-attachment-id=\"2259\" data-orig-file=\"https:\/\/gpsantarosa.gob.ec\/napo\/wp-content\/uploads\/2024\/09\/1-2.png\" data-orig-size=\"700,500\" data-comments-opened=\"0\" data-image-meta=\"{&quot;aperture&quot;:&quot;0&quot;,&quot;credit&quot;:&quot;&quot;,&quot;camera&quot;:&quot;&quot;,&quot;caption&quot;:&quot;&quot;,&quot;created_timestamp&quot;:&quot;0&quot;,&quot;copyright&quot;:&quot;&quot;,&quot;focal_length&quot;:&quot;0&quot;,&quot;iso&quot;:&quot;0&quot;,&quot;shutter_speed&quot;:&quot;0&quot;,&quot;title&quot;:&quot;&quot;,&quot;orientation&quot;:&quot;0&quot;}\" data-image-title=\"1\" data-image-description=\"\" data-medium-file=\"https:\/\/gpsantarosa.gob.ec\/napo\/wp-content\/uploads\/2024\/09\/1-2-550x393.png\" data-large-file=\"https:\/\/gpsantarosa.gob.ec\/napo\/wp-content\/uploads\/2024\/09\/1-2.png\" style=\"margin: 2px\" src=\"https:\/\/gpsantarosa.gob.ec\/napo\/wp-content\/uploads\/2024\/09\/1-2-162x162.png\" width=162 height=162 title=\"1\" \/><\/a><\/div><div class=\"tiled-gallery-item\"><a border=\"0\" href=\"https:\/\/gpsantarosa.gob.ec\/napo\/el-gad-parroquial-de-santa-rosa-comprometido-con-el-desarrollo-de-la-comunidad\/5-9\/\"><img decoding=\"async\" data-attachment-id=\"2260\" data-orig-file=\"https:\/\/gpsantarosa.gob.ec\/napo\/wp-content\/uploads\/2024\/09\/5-3.png\" data-orig-size=\"700,500\" data-comments-opened=\"0\" data-image-meta=\"{&quot;aperture&quot;:&quot;0&quot;,&quot;credit&quot;:&quot;&quot;,&quot;camera&quot;:&quot;&quot;,&quot;caption&quot;:&quot;&quot;,&quot;created_timestamp&quot;:&quot;0&quot;,&quot;copyright&quot;:&quot;&quot;,&quot;focal_length&quot;:&quot;0&quot;,&quot;iso&quot;:&quot;0&quot;,&quot;shutter_speed&quot;:&quot;0&quot;,&quot;title&quot;:&quot;&quot;,&quot;orientation&quot;:&quot;0&quot;}\" data-image-title=\"5\" data-image-description=\"\" data-medium-file=\"https:\/\/gpsantarosa.gob.ec\/napo\/wp-content\/uploads\/2024\/09\/5-3-550x393.png\" data-large-file=\"https:\/\/gpsantarosa.gob.ec\/napo\/wp-content\/uploads\/2024\/09\/5-3.png\" style=\"margin: 2px\" src=\"https:\/\/gpsantarosa.gob.ec\/napo\/wp-content\/uploads\/2024\/09\/5-3-162x162.png\" width=162 height=162 title=\"5\" \/><\/a><\/div><div class=\"tiled-gallery-item\"><a border=\"0\" href=\"https:\/\/gpsantarosa.gob.ec\/napo\/el-gad-parroquial-de-santa-rosa-comprometido-con-el-desarrollo-de-la-comunidad\/1-12\/\"><img decoding=\"async\" data-attachment-id=\"2261\" data-orig-file=\"https:\/\/gpsantarosa.gob.ec\/napo\/wp-content\/uploads\/2024\/09\/1-3.png\" data-orig-size=\"700,500\" data-comments-opened=\"0\" data-image-meta=\"{&quot;aperture&quot;:&quot;0&quot;,&quot;credit&quot;:&quot;&quot;,&quot;camera&quot;:&quot;&quot;,&quot;caption&quot;:&quot;&quot;,&quot;created_timestamp&quot;:&quot;0&quot;,&quot;copyright&quot;:&quot;&quot;,&quot;focal_length&quot;:&quot;0&quot;,&quot;iso&quot;:&quot;0&quot;,&quot;shutter_speed&quot;:&quot;0&quot;,&quot;title&quot;:&quot;&quot;,&quot;orientation&quot;:&quot;0&quot;}\" data-image-title=\"1\" data-image-description=\"\" data-medium-file=\"https:\/\/gpsantarosa.gob.ec\/napo\/wp-content\/uploads\/2024\/09\/1-3-550x393.png\" data-large-file=\"https:\/\/gpsantarosa.gob.ec\/napo\/wp-content\/uploads\/2024\/09\/1-3.png\" style=\"margin: 2px\" src=\"https:\/\/gpsantarosa.gob.ec\/napo\/wp-content\/uploads\/2024\/09\/1-3-162x162.png\" width=162 height=162 title=\"1\" \/><\/a><\/div><div class=\"tiled-gallery-item\"><a border=\"0\" href=\"https:\/\/gpsantarosa.gob.ec\/napo\/el-gad-parroquial-de-santa-rosa-comprometido-con-el-desarrollo-de-la-comunidad\/3-11\/\"><img decoding=\"async\" data-attachment-id=\"2262\" data-orig-file=\"https:\/\/gpsantarosa.gob.ec\/napo\/wp-content\/uploads\/2024\/09\/3-3.png\" data-orig-size=\"700,500\" data-comments-opened=\"0\" data-image-meta=\"{&quot;aperture&quot;:&quot;0&quot;,&quot;credit&quot;:&quot;&quot;,&quot;camera&quot;:&quot;&quot;,&quot;caption&quot;:&quot;&quot;,&quot;created_timestamp&quot;:&quot;0&quot;,&quot;copyright&quot;:&quot;&quot;,&quot;focal_length&quot;:&quot;0&quot;,&quot;iso&quot;:&quot;0&quot;,&quot;shutter_speed&quot;:&quot;0&quot;,&quot;title&quot;:&quot;&quot;,&quot;orientation&quot;:&quot;0&quot;}\" data-image-title=\"3\" data-image-description=\"\" data-medium-file=\"https:\/\/gpsantarosa.gob.ec\/napo\/wp-content\/uploads\/2024\/09\/3-3-550x393.png\" data-large-file=\"https:\/\/gpsantarosa.gob.ec\/napo\/wp-content\/uploads\/2024\/09\/3-3.png\" style=\"margin: 2px\" src=\"https:\/\/gpsantarosa.gob.ec\/napo\/wp-content\/uploads\/2024\/09\/3-3-162x162.png\" width=162 height=162 title=\"3\" \/><\/a><\/div><div class=\"tiled-gallery-item\"><a border=\"0\" href=\"https:\/\/gpsantarosa.gob.ec\/napo\/el-gad-parroquial-de-santa-rosa-comprometido-con-el-desarrollo-de-la-comunidad\/4-10\/\"><img decoding=\"async\" data-attachment-id=\"2263\" data-orig-file=\"https:\/\/gpsantarosa.gob.ec\/napo\/wp-content\/uploads\/2024\/09\/4-3.png\" data-orig-size=\"700,500\" data-comments-opened=\"0\" data-image-meta=\"{&quot;aperture&quot;:&quot;0&quot;,&quot;credit&quot;:&quot;&quot;,&quot;camera&quot;:&quot;&quot;,&quot;caption&quot;:&quot;&quot;,&quot;created_timestamp&quot;:&quot;0&quot;,&quot;copyright&quot;:&quot;&quot;,&quot;focal_length&quot;:&quot;0&quot;,&quot;iso&quot;:&quot;0&quot;,&quot;shutter_speed&quot;:&quot;0&quot;,&quot;title&quot;:&quot;&quot;,&quot;orientation&quot;:&quot;0&quot;}\" data-image-title=\"4\" data-image-description=\"\" data-medium-file=\"https:\/\/gpsantarosa.gob.ec\/napo\/wp-content\/uploads\/2024\/09\/4-3-550x393.png\" data-large-file=\"https:\/\/gpsantarosa.gob.ec\/napo\/wp-content\/uploads\/2024\/09\/4-3.png\" style=\"margin: 2px\" src=\"https:\/\/gpsantarosa.gob.ec\/napo\/wp-content\/uploads\/2024\/09\/4-3-162x162.png\" width=162 height=162 title=\"4\" \/><\/a><\/div><div class=\"tiled-gallery-item\"><a border=\"0\" href=\"https:\/\/gpsantarosa.gob.ec\/napo\/el-gad-parroquial-de-santa-rosa-comprometido-con-el-desarrollo-de-la-comunidad\/6-7\/\"><img decoding=\"async\" data-attachment-id=\"2264\" data-orig-file=\"https:\/\/gpsantarosa.gob.ec\/napo\/wp-content\/uploads\/2024\/09\/6-2.png\" data-orig-size=\"700,500\" data-comments-opened=\"0\" data-image-meta=\"{&quot;aperture&quot;:&quot;0&quot;,&quot;credit&quot;:&quot;&quot;,&quot;camera&quot;:&quot;&quot;,&quot;caption&quot;:&quot;&quot;,&quot;created_timestamp&quot;:&quot;0&quot;,&quot;copyright&quot;:&quot;&quot;,&quot;focal_length&quot;:&quot;0&quot;,&quot;iso&quot;:&quot;0&quot;,&quot;shutter_speed&quot;:&quot;0&quot;,&quot;title&quot;:&quot;&quot;,&quot;orientation&quot;:&quot;0&quot;}\" data-image-title=\"6\" data-image-description=\"\" data-medium-file=\"https:\/\/gpsantarosa.gob.ec\/napo\/wp-content\/uploads\/2024\/09\/6-2-550x393.png\" data-large-file=\"https:\/\/gpsantarosa.gob.ec\/napo\/wp-content\/uploads\/2024\/09\/6-2.png\" style=\"margin: 2px\" src=\"https:\/\/gpsantarosa.gob.ec\/napo\/wp-content\/uploads\/2024\/09\/6-2-162x162.png\" width=162 height=162 title=\"6\" \/><\/a><\/div><\/div>\n","protected":false},"excerpt":{"rendered":"<p>El Tnlgo Efr\u00e9n P\u00e9rez presidente del Gad Parroquial de Santa Rosa, en coordinaci\u00f3n con su equipo de trabajo, realiza cunetas, apertura de v\u00eda, un terrapl\u00e9n y reconfirmaci\u00f3n de capa vegetal, en los sectores las Tres Cruces, Las Palmas y Las Antenas. Estas mejoras se realizan como un aporte para fomentar el desarrollo de la agricultura [&hellip;]<\/p>\n","protected":false},"author":10,"featured_media":2262,"comment_status":"closed","ping_status":"closed","sticky":false,"template":"","format":"standard","meta":{"footnotes":""},"categories":[3,46],"tags":[],"class_list":["post-2254","post","type-post","status-publish","format-standard","has-post-thumbnail","hentry","category-s1-news","category-c76-ultimas-noticias"],"yoast_head":"<!-- This site is optimized with the Yoast SEO plugin v26.8 - https:\/\/yoast.com\/product\/yoast-seo-wordpress\/ -->\n<title>El GAD Parroquial de Santa Rosa, comprometido con el desarrollo de la Comunidad. - GAD parroquial Santa Rosa<\/title>\n<meta name=\"robots\" content=\"index, follow, max-snippet:-1, max-image-preview:large, max-video-preview:-1\" \/>\n<link rel=\"canonical\" href=\"https:\/\/gpsantarosa.gob.ec\/napo\/el-gad-parroquial-de-santa-rosa-comprometido-con-el-desarrollo-de-la-comunidad\/\" \/>\n<meta property=\"og:locale\" content=\"es_ES\" \/>\n<meta property=\"og:type\" content=\"article\" \/>\n<meta property=\"og:title\" content=\"El GAD Parroquial de Santa Rosa, comprometido con el desarrollo de la Comunidad. - GAD parroquial Santa Rosa\" \/>\n<meta property=\"og:description\" content=\"El Tnlgo Efr\u00e9n P\u00e9rez presidente del Gad Parroquial de Santa Rosa, en coordinaci\u00f3n con su equipo de trabajo, realiza cunetas, apertura de v\u00eda, un terrapl\u00e9n y reconfirmaci\u00f3n de capa vegetal, en los sectores las Tres Cruces, Las Palmas y Las Antenas. Estas mejoras se realizan como un aporte para fomentar el desarrollo de la agricultura [&hellip;]\" \/>\n<meta property=\"og:url\" content=\"https:\/\/gpsantarosa.gob.ec\/napo\/el-gad-parroquial-de-santa-rosa-comprometido-con-el-desarrollo-de-la-comunidad\/\" \/>\n<meta property=\"og:site_name\" content=\"GAD parroquial Santa Rosa\" \/>\n<meta property=\"article:published_time\" content=\"2024-09-21T20:59:46+00:00\" \/>\n<meta property=\"og:image\" content=\"https:\/\/gpsantarosa.gob.ec\/napo\/wp-content\/uploads\/2024\/09\/3-3.png\" \/>\n\t<meta property=\"og:image:width\" content=\"700\" \/>\n\t<meta property=\"og:image:height\" content=\"500\" \/>\n\t<meta property=\"og:image:type\" content=\"image\/png\" \/>\n<meta name=\"author\" content=\"gpsantarosa\" \/>\n<meta name=\"twitter:card\" content=\"summary_large_image\" \/>\n<meta name=\"twitter:label1\" content=\"Escrito por\" \/>\n\t<meta name=\"twitter:data1\" content=\"gpsantarosa\" \/>\n\t<meta name=\"twitter:label2\" content=\"Tiempo de lectura\" \/>\n\t<meta name=\"twitter:data2\" content=\"1 minuto\" \/>\n<script type=\"application\/ld+json\" class=\"yoast-schema-graph\">{\"@context\":\"https:\/\/schema.org\",\"@graph\":[{\"@type\":\"Article\",\"@id\":\"https:\/\/gpsantarosa.gob.ec\/napo\/el-gad-parroquial-de-santa-rosa-comprometido-con-el-desarrollo-de-la-comunidad\/#article\",\"isPartOf\":{\"@id\":\"https:\/\/gpsantarosa.gob.ec\/napo\/el-gad-parroquial-de-santa-rosa-comprometido-con-el-desarrollo-de-la-comunidad\/\"},\"author\":{\"name\":\"gpsantarosa\",\"@id\":\"https:\/\/gpsantarosa.gob.ec\/napo\/#\/schema\/person\/27a20bad652dade76f8facbe33eb2a63\"},\"headline\":\"El GAD Parroquial de Santa Rosa, comprometido con el desarrollo de la Comunidad.\",\"datePublished\":\"2024-09-21T20:59:46+00:00\",\"mainEntityOfPage\":{\"@id\":\"https:\/\/gpsantarosa.gob.ec\/napo\/el-gad-parroquial-de-santa-rosa-comprometido-con-el-desarrollo-de-la-comunidad\/\"},\"wordCount\":99,\"publisher\":{\"@id\":\"https:\/\/gpsantarosa.gob.ec\/napo\/#organization\"},\"image\":{\"@id\":\"https:\/\/gpsantarosa.gob.ec\/napo\/el-gad-parroquial-de-santa-rosa-comprometido-con-el-desarrollo-de-la-comunidad\/#primaryimage\"},\"thumbnailUrl\":\"https:\/\/gpsantarosa.gob.ec\/napo\/wp-content\/uploads\/2024\/09\/3-3.png\",\"articleSection\":[\"News\",\"Ultimas Noticias\"],\"inLanguage\":\"es\"},{\"@type\":\"WebPage\",\"@id\":\"https:\/\/gpsantarosa.gob.ec\/napo\/el-gad-parroquial-de-santa-rosa-comprometido-con-el-desarrollo-de-la-comunidad\/\",\"url\":\"https:\/\/gpsantarosa.gob.ec\/napo\/el-gad-parroquial-de-santa-rosa-comprometido-con-el-desarrollo-de-la-comunidad\/\",\"name\":\"El GAD Parroquial de Santa Rosa, comprometido con el desarrollo de la Comunidad. - GAD parroquial Santa Rosa\",\"isPartOf\":{\"@id\":\"https:\/\/gpsantarosa.gob.ec\/napo\/#website\"},\"primaryImageOfPage\":{\"@id\":\"https:\/\/gpsantarosa.gob.ec\/napo\/el-gad-parroquial-de-santa-rosa-comprometido-con-el-desarrollo-de-la-comunidad\/#primaryimage\"},\"image\":{\"@id\":\"https:\/\/gpsantarosa.gob.ec\/napo\/el-gad-parroquial-de-santa-rosa-comprometido-con-el-desarrollo-de-la-comunidad\/#primaryimage\"},\"thumbnailUrl\":\"https:\/\/gpsantarosa.gob.ec\/napo\/wp-content\/uploads\/2024\/09\/3-3.png\",\"datePublished\":\"2024-09-21T20:59:46+00:00\",\"breadcrumb\":{\"@id\":\"https:\/\/gpsantarosa.gob.ec\/napo\/el-gad-parroquial-de-santa-rosa-comprometido-con-el-desarrollo-de-la-comunidad\/#breadcrumb\"},\"inLanguage\":\"es\",\"potentialAction\":[{\"@type\":\"ReadAction\",\"target\":[\"https:\/\/gpsantarosa.gob.ec\/napo\/el-gad-parroquial-de-santa-rosa-comprometido-con-el-desarrollo-de-la-comunidad\/\"]}]},{\"@type\":\"ImageObject\",\"inLanguage\":\"es\",\"@id\":\"https:\/\/gpsantarosa.gob.ec\/napo\/el-gad-parroquial-de-santa-rosa-comprometido-con-el-desarrollo-de-la-comunidad\/#primaryimage\",\"url\":\"https:\/\/gpsantarosa.gob.ec\/napo\/wp-content\/uploads\/2024\/09\/3-3.png\",\"contentUrl\":\"https:\/\/gpsantarosa.gob.ec\/napo\/wp-content\/uploads\/2024\/09\/3-3.png\",\"width\":700,\"height\":500},{\"@type\":\"BreadcrumbList\",\"@id\":\"https:\/\/gpsantarosa.gob.ec\/napo\/el-gad-parroquial-de-santa-rosa-comprometido-con-el-desarrollo-de-la-comunidad\/#breadcrumb\",\"itemListElement\":[{\"@type\":\"ListItem\",\"position\":1,\"name\":\"Home\",\"item\":\"https:\/\/gpsantarosa.gob.ec\/napo\/\"},{\"@type\":\"ListItem\",\"position\":2,\"name\":\"El GAD Parroquial de Santa Rosa, comprometido con el desarrollo de la Comunidad.\"}]},{\"@type\":\"WebSite\",\"@id\":\"https:\/\/gpsantarosa.gob.ec\/napo\/#website\",\"url\":\"https:\/\/gpsantarosa.gob.ec\/napo\/\",\"name\":\"GAD Parroquial de Santa Rosa del Chaco\",\"description\":\"Pagina Oficial de la Parroquia de Santa Rosa del Chaco\",\"publisher\":{\"@id\":\"https:\/\/gpsantarosa.gob.ec\/napo\/#organization\"},\"potentialAction\":[{\"@type\":\"SearchAction\",\"target\":{\"@type\":\"EntryPoint\",\"urlTemplate\":\"https:\/\/gpsantarosa.gob.ec\/napo\/?s={search_term_string}\"},\"query-input\":{\"@type\":\"PropertyValueSpecification\",\"valueRequired\":true,\"valueName\":\"search_term_string\"}}],\"inLanguage\":\"es\"},{\"@type\":\"Organization\",\"@id\":\"https:\/\/gpsantarosa.gob.ec\/napo\/#organization\",\"name\":\"GAD Parroquial de Santa Rosa Napo\",\"url\":\"https:\/\/gpsantarosa.gob.ec\/napo\/\",\"logo\":{\"@type\":\"ImageObject\",\"inLanguage\":\"es\",\"@id\":\"https:\/\/gpsantarosa.gob.ec\/napo\/#\/schema\/logo\/image\/\",\"url\":\"https:\/\/gpsantarosa.gob.ec\/napo\/wp-content\/uploads\/2020\/06\/logoFooter.png\",\"contentUrl\":\"https:\/\/gpsantarosa.gob.ec\/napo\/wp-content\/uploads\/2020\/06\/logoFooter.png\",\"width\":160,\"height\":156,\"caption\":\"GAD Parroquial de Santa Rosa Napo\"},\"image\":{\"@id\":\"https:\/\/gpsantarosa.gob.ec\/napo\/#\/schema\/logo\/image\/\"}},{\"@type\":\"Person\",\"@id\":\"https:\/\/gpsantarosa.gob.ec\/napo\/#\/schema\/person\/27a20bad652dade76f8facbe33eb2a63\",\"name\":\"gpsantarosa\",\"image\":{\"@type\":\"ImageObject\",\"inLanguage\":\"es\",\"@id\":\"https:\/\/gpsantarosa.gob.ec\/napo\/#\/schema\/person\/image\/\",\"url\":\"https:\/\/secure.gravatar.com\/avatar\/c21e74c0351cba7528f5013877a8492cfa66c7e480524a21629edb76ef465569?s=96&d=mm&r=g\",\"contentUrl\":\"https:\/\/secure.gravatar.com\/avatar\/c21e74c0351cba7528f5013877a8492cfa66c7e480524a21629edb76ef465569?s=96&d=mm&r=g\",\"caption\":\"gpsantarosa\"},\"url\":\"https:\/\/gpsantarosa.gob.ec\/napo\/author\/gpsantarosa\/\"}]}<\/script>\n<!-- \/ Yoast SEO plugin. -->","yoast_head_json":{"title":"El GAD Parroquial de Santa Rosa, comprometido con el desarrollo de la Comunidad. - GAD parroquial Santa Rosa","robots":{"index":"index","follow":"follow","max-snippet":"max-snippet:-1","max-image-preview":"max-image-preview:large","max-video-preview":"max-video-preview:-1"},"canonical":"https:\/\/gpsantarosa.gob.ec\/napo\/el-gad-parroquial-de-santa-rosa-comprometido-con-el-desarrollo-de-la-comunidad\/","og_locale":"es_ES","og_type":"article","og_title":"El GAD Parroquial de Santa Rosa, comprometido con el desarrollo de la Comunidad. - GAD parroquial Santa Rosa","og_description":"El Tnlgo Efr\u00e9n P\u00e9rez presidente del Gad Parroquial de Santa Rosa, en coordinaci\u00f3n con su equipo de trabajo, realiza cunetas, apertura de v\u00eda, un terrapl\u00e9n y reconfirmaci\u00f3n de capa vegetal, en los sectores las Tres Cruces, Las Palmas y Las Antenas. Estas mejoras se realizan como un aporte para fomentar el desarrollo de la agricultura [&hellip;]","og_url":"https:\/\/gpsantarosa.gob.ec\/napo\/el-gad-parroquial-de-santa-rosa-comprometido-con-el-desarrollo-de-la-comunidad\/","og_site_name":"GAD parroquial Santa Rosa","article_published_time":"2024-09-21T20:59:46+00:00","og_image":[{"width":700,"height":500,"url":"https:\/\/gpsantarosa.gob.ec\/napo\/wp-content\/uploads\/2024\/09\/3-3.png","type":"image\/png"}],"author":"gpsantarosa","twitter_card":"summary_large_image","twitter_misc":{"Escrito por":"gpsantarosa","Tiempo de lectura":"1 minuto"},"schema":{"@context":"https:\/\/schema.org","@graph":[{"@type":"Article","@id":"https:\/\/gpsantarosa.gob.ec\/napo\/el-gad-parroquial-de-santa-rosa-comprometido-con-el-desarrollo-de-la-comunidad\/#article","isPartOf":{"@id":"https:\/\/gpsantarosa.gob.ec\/napo\/el-gad-parroquial-de-santa-rosa-comprometido-con-el-desarrollo-de-la-comunidad\/"},"author":{"name":"gpsantarosa","@id":"https:\/\/gpsantarosa.gob.ec\/napo\/#\/schema\/person\/27a20bad652dade76f8facbe33eb2a63"},"headline":"El GAD Parroquial de Santa Rosa, comprometido con el desarrollo de la Comunidad.","datePublished":"2024-09-21T20:59:46+00:00","mainEntityOfPage":{"@id":"https:\/\/gpsantarosa.gob.ec\/napo\/el-gad-parroquial-de-santa-rosa-comprometido-con-el-desarrollo-de-la-comunidad\/"},"wordCount":99,"publisher":{"@id":"https:\/\/gpsantarosa.gob.ec\/napo\/#organization"},"image":{"@id":"https:\/\/gpsantarosa.gob.ec\/napo\/el-gad-parroquial-de-santa-rosa-comprometido-con-el-desarrollo-de-la-comunidad\/#primaryimage"},"thumbnailUrl":"https:\/\/gpsantarosa.gob.ec\/napo\/wp-content\/uploads\/2024\/09\/3-3.png","articleSection":["News","Ultimas Noticias"],"inLanguage":"es"},{"@type":"WebPage","@id":"https:\/\/gpsantarosa.gob.ec\/napo\/el-gad-parroquial-de-santa-rosa-comprometido-con-el-desarrollo-de-la-comunidad\/","url":"https:\/\/gpsantarosa.gob.ec\/napo\/el-gad-parroquial-de-santa-rosa-comprometido-con-el-desarrollo-de-la-comunidad\/","name":"El GAD Parroquial de Santa Rosa, comprometido con el desarrollo de la Comunidad. - GAD parroquial Santa Rosa","isPartOf":{"@id":"https:\/\/gpsantarosa.gob.ec\/napo\/#website"},"primaryImageOfPage":{"@id":"https:\/\/gpsantarosa.gob.ec\/napo\/el-gad-parroquial-de-santa-rosa-comprometido-con-el-desarrollo-de-la-comunidad\/#primaryimage"},"image":{"@id":"https:\/\/gpsantarosa.gob.ec\/napo\/el-gad-parroquial-de-santa-rosa-comprometido-con-el-desarrollo-de-la-comunidad\/#primaryimage"},"thumbnailUrl":"https:\/\/gpsantarosa.gob.ec\/napo\/wp-content\/uploads\/2024\/09\/3-3.png","datePublished":"2024-09-21T20:59:46+00:00","breadcrumb":{"@id":"https:\/\/gpsantarosa.gob.ec\/napo\/el-gad-parroquial-de-santa-rosa-comprometido-con-el-desarrollo-de-la-comunidad\/#breadcrumb"},"inLanguage":"es","potentialAction":[{"@type":"ReadAction","target":["https:\/\/gpsantarosa.gob.ec\/napo\/el-gad-parroquial-de-santa-rosa-comprometido-con-el-desarrollo-de-la-comunidad\/"]}]},{"@type":"ImageObject","inLanguage":"es","@id":"https:\/\/gpsantarosa.gob.ec\/napo\/el-gad-parroquial-de-santa-rosa-comprometido-con-el-desarrollo-de-la-comunidad\/#primaryimage","url":"https:\/\/gpsantarosa.gob.ec\/napo\/wp-content\/uploads\/2024\/09\/3-3.png","contentUrl":"https:\/\/gpsantarosa.gob.ec\/napo\/wp-content\/uploads\/2024\/09\/3-3.png","width":700,"height":500},{"@type":"BreadcrumbList","@id":"https:\/\/gpsantarosa.gob.ec\/napo\/el-gad-parroquial-de-santa-rosa-comprometido-con-el-desarrollo-de-la-comunidad\/#breadcrumb","itemListElement":[{"@type":"ListItem","position":1,"name":"Home","item":"https:\/\/gpsantarosa.gob.ec\/napo\/"},{"@type":"ListItem","position":2,"name":"El GAD Parroquial de Santa Rosa, comprometido con el desarrollo de la Comunidad."}]},{"@type":"WebSite","@id":"https:\/\/gpsantarosa.gob.ec\/napo\/#website","url":"https:\/\/gpsantarosa.gob.ec\/napo\/","name":"GAD Parroquial de Santa Rosa del Chaco","description":"Pagina Oficial de la Parroquia de Santa Rosa del Chaco","publisher":{"@id":"https:\/\/gpsantarosa.gob.ec\/napo\/#organization"},"potentialAction":[{"@type":"SearchAction","target":{"@type":"EntryPoint","urlTemplate":"https:\/\/gpsantarosa.gob.ec\/napo\/?s={search_term_string}"},"query-input":{"@type":"PropertyValueSpecification","valueRequired":true,"valueName":"search_term_string"}}],"inLanguage":"es"},{"@type":"Organization","@id":"https:\/\/gpsantarosa.gob.ec\/napo\/#organization","name":"GAD Parroquial de Santa Rosa Napo","url":"https:\/\/gpsantarosa.gob.ec\/napo\/","logo":{"@type":"ImageObject","inLanguage":"es","@id":"https:\/\/gpsantarosa.gob.ec\/napo\/#\/schema\/logo\/image\/","url":"https:\/\/gpsantarosa.gob.ec\/napo\/wp-content\/uploads\/2020\/06\/logoFooter.png","contentUrl":"https:\/\/gpsantarosa.gob.ec\/napo\/wp-content\/uploads\/2020\/06\/logoFooter.png","width":160,"height":156,"caption":"GAD Parroquial de Santa Rosa Napo"},"image":{"@id":"https:\/\/gpsantarosa.gob.ec\/napo\/#\/schema\/logo\/image\/"}},{"@type":"Person","@id":"https:\/\/gpsantarosa.gob.ec\/napo\/#\/schema\/person\/27a20bad652dade76f8facbe33eb2a63","name":"gpsantarosa","image":{"@type":"ImageObject","inLanguage":"es","@id":"https:\/\/gpsantarosa.gob.ec\/napo\/#\/schema\/person\/image\/","url":"https:\/\/secure.gravatar.com\/avatar\/c21e74c0351cba7528f5013877a8492cfa66c7e480524a21629edb76ef465569?s=96&d=mm&r=g","contentUrl":"https:\/\/secure.gravatar.com\/avatar\/c21e74c0351cba7528f5013877a8492cfa66c7e480524a21629edb76ef465569?s=96&d=mm&r=g","caption":"gpsantarosa"},"url":"https:\/\/gpsantarosa.gob.ec\/napo\/author\/gpsantarosa\/"}]}},"_links":{"self":[{"href":"https:\/\/gpsantarosa.gob.ec\/napo\/wp-json\/wp\/v2\/posts\/2254","targetHints":{"allow":["GET"]}}],"collection":[{"href":"https:\/\/gpsantarosa.gob.ec\/napo\/wp-json\/wp\/v2\/posts"}],"about":[{"href":"https:\/\/gpsantarosa.gob.ec\/napo\/wp-json\/wp\/v2\/types\/post"}],"author":[{"embeddable":true,"href":"https:\/\/gpsantarosa.gob.ec\/napo\/wp-json\/wp\/v2\/users\/10"}],"replies":[{"embeddable":true,"href":"https:\/\/gpsantarosa.gob.ec\/napo\/wp-json\/wp\/v2\/comments?post=2254"}],"version-history":[{"count":3,"href":"https:\/\/gpsantarosa.gob.ec\/napo\/wp-json\/wp\/v2\/posts\/2254\/revisions"}],"predecessor-version":[{"id":2267,"href":"https:\/\/gpsantarosa.gob.ec\/napo\/wp-json\/wp\/v2\/posts\/2254\/revisions\/2267"}],"wp:featuredmedia":[{"embeddable":true,"href":"https:\/\/gpsantarosa.gob.ec\/napo\/wp-json\/wp\/v2\/media\/2262"}],"wp:attachment":[{"href":"https:\/\/gpsantarosa.gob.ec\/napo\/wp-json\/wp\/v2\/media?parent=2254"}],"wp:term":[{"taxonomy":"category","embeddable":true,"href":"https:\/\/gpsantarosa.gob.ec\/napo\/wp-json\/wp\/v2\/categories?post=2254"},{"taxonomy":"post_tag","embeddable":true,"href":"https:\/\/gpsantarosa.gob.ec\/napo\/wp-json\/wp\/v2\/tags?post=2254"}],"curies":[{"name":"wp","href":"https:\/\/api.w.org\/{rel}","templated":true}]}}