{"id":2566,"date":"2025-06-25T21:08:36","date_gmt":"2025-06-26T01:08:36","guid":{"rendered":"https:\/\/gpsantarosa.gob.ec\/napo\/?p=2566"},"modified":"2025-07-07T09:38:08","modified_gmt":"2025-07-07T13:38:08","slug":"invitacion-a-la-rendicion-de-cuentas-del-periodo-2024","status":"publish","type":"post","link":"https:\/\/gpsantarosa.gob.ec\/napo\/invitacion-a-la-rendicion-de-cuentas-del-periodo-2024\/","title":{"rendered":"Invitaci\u00f3n a la Rendici\u00f3n de Cuentas del Per\u00edodo 2024"},"content":{"rendered":"<p style=\"text-align: left;\">El Gobierno Aut\u00f3nomo Descentralizado Parroquial de Santa Rosa, en cumplimiento de lo dispuesto en la <strong>Constituci\u00f3n de la Rep\u00fablica del Ecuador<\/strong>\u00a0 y la <strong>Ley Org\u00e1nica de Participaci\u00f3n Ciudadana y Control Social<\/strong>, tiene el honor de invitar a usted al <strong>evento p\u00fablico de Rendici\u00f3n de Cuentas del per\u00edodo 2024<\/strong>.<\/p>\n<p>El evento se llevar\u00e1 a cabo el mi\u00e9rcoles 11 de julio del presente a\u00f1o, a las 15h00, en el auditorio del Gobierno Parroquial de Santa Rosa, su participaci\u00f3n es clave para <strong>fortalecer la transparencia<\/strong> y promover una <strong>ciudadan\u00eda activa<\/strong> en nuestra gesti\u00f3n.<img loading=\"lazy\" decoding=\"async\" class=\"alignleft size-full wp-image-2621\" src=\"https:\/\/gpsantarosa.gob.ec\/napo\/wp-content\/uploads\/2025\/06\/Green-and-White-Modern-Agriculture-Farming-Services-Facebook-Post-1.png\" alt=\"\" width=\"940\" height=\"788\" srcset=\"https:\/\/gpsantarosa.gob.ec\/napo\/wp-content\/uploads\/2025\/06\/Green-and-White-Modern-Agriculture-Farming-Services-Facebook-Post-1.png 940w, https:\/\/gpsantarosa.gob.ec\/napo\/wp-content\/uploads\/2025\/06\/Green-and-White-Modern-Agriculture-Farming-Services-Facebook-Post-1-550x461.png 550w, https:\/\/gpsantarosa.gob.ec\/napo\/wp-content\/uploads\/2025\/06\/Green-and-White-Modern-Agriculture-Farming-Services-Facebook-Post-1-768x644.png 768w\" sizes=\"auto, (max-width: 940px) 100vw, 940px\" \/><\/p>\n","protected":false},"excerpt":{"rendered":"<p>El Gobierno Aut\u00f3nomo Descentralizado Parroquial de Santa Rosa, en cumplimiento de lo dispuesto en la Constituci\u00f3n de la Rep\u00fablica del Ecuador\u00a0 y la Ley Org\u00e1nica de Participaci\u00f3n Ciudadana y Control Social, tiene el honor de invitar a usted al evento p\u00fablico de Rendici\u00f3n de Cuentas del per\u00edodo 2024. El evento se llevar\u00e1 a cabo el [&hellip;]<\/p>\n","protected":false},"author":10,"featured_media":2621,"comment_status":"closed","ping_status":"closed","sticky":false,"template":"","format":"standard","meta":{"footnotes":""},"categories":[3,46],"tags":[],"class_list":["post-2566","post","type-post","status-publish","format-standard","has-post-thumbnail","hentry","category-s1-news","category-c76-ultimas-noticias"],"yoast_head":"<!-- This site is optimized with the Yoast SEO plugin v26.8 - https:\/\/yoast.com\/product\/yoast-seo-wordpress\/ -->\n<title>Invitaci\u00f3n a la Rendici\u00f3n de Cuentas del Per\u00edodo 2024 - GAD parroquial Santa Rosa<\/title>\n<meta name=\"robots\" content=\"index, follow, max-snippet:-1, max-image-preview:large, max-video-preview:-1\" \/>\n<link rel=\"canonical\" href=\"https:\/\/gpsantarosa.gob.ec\/napo\/invitacion-a-la-rendicion-de-cuentas-del-periodo-2024\/\" \/>\n<meta property=\"og:locale\" content=\"es_ES\" \/>\n<meta property=\"og:type\" content=\"article\" \/>\n<meta property=\"og:title\" content=\"Invitaci\u00f3n a la Rendici\u00f3n de Cuentas del Per\u00edodo 2024 - GAD parroquial Santa Rosa\" \/>\n<meta property=\"og:description\" content=\"El Gobierno Aut\u00f3nomo Descentralizado Parroquial de Santa Rosa, en cumplimiento de lo dispuesto en la Constituci\u00f3n de la Rep\u00fablica del Ecuador\u00a0 y la Ley Org\u00e1nica de Participaci\u00f3n Ciudadana y Control Social, tiene el honor de invitar a usted al evento p\u00fablico de Rendici\u00f3n de Cuentas del per\u00edodo 2024. El evento se llevar\u00e1 a cabo el [&hellip;]\" \/>\n<meta property=\"og:url\" content=\"https:\/\/gpsantarosa.gob.ec\/napo\/invitacion-a-la-rendicion-de-cuentas-del-periodo-2024\/\" \/>\n<meta property=\"og:site_name\" content=\"GAD parroquial Santa Rosa\" \/>\n<meta property=\"article:published_time\" content=\"2025-06-26T01:08:36+00:00\" \/>\n<meta property=\"article:modified_time\" content=\"2025-07-07T13:38:08+00:00\" \/>\n<meta property=\"og:image\" content=\"https:\/\/gpsantarosa.gob.ec\/napo\/wp-content\/uploads\/2025\/06\/Green-and-White-Modern-Agriculture-Farming-Services-Facebook-Post-1.png\" \/>\n\t<meta property=\"og:image:width\" content=\"940\" \/>\n\t<meta property=\"og:image:height\" content=\"788\" \/>\n\t<meta property=\"og:image:type\" content=\"image\/png\" \/>\n<meta name=\"author\" content=\"gpsantarosa\" \/>\n<meta name=\"twitter:card\" content=\"summary_large_image\" \/>\n<meta name=\"twitter:label1\" content=\"Escrito por\" \/>\n\t<meta name=\"twitter:data1\" content=\"gpsantarosa\" \/>\n\t<meta name=\"twitter:label2\" content=\"Tiempo de lectura\" \/>\n\t<meta name=\"twitter:data2\" content=\"1 minuto\" \/>\n<script type=\"application\/ld+json\" class=\"yoast-schema-graph\">{\"@context\":\"https:\/\/schema.org\",\"@graph\":[{\"@type\":\"Article\",\"@id\":\"https:\/\/gpsantarosa.gob.ec\/napo\/invitacion-a-la-rendicion-de-cuentas-del-periodo-2024\/#article\",\"isPartOf\":{\"@id\":\"https:\/\/gpsantarosa.gob.ec\/napo\/invitacion-a-la-rendicion-de-cuentas-del-periodo-2024\/\"},\"author\":{\"name\":\"gpsantarosa\",\"@id\":\"https:\/\/gpsantarosa.gob.ec\/napo\/#\/schema\/person\/27a20bad652dade76f8facbe33eb2a63\"},\"headline\":\"Invitaci\u00f3n a la Rendici\u00f3n de Cuentas del Per\u00edodo 2024\",\"datePublished\":\"2025-06-26T01:08:36+00:00\",\"dateModified\":\"2025-07-07T13:38:08+00:00\",\"mainEntityOfPage\":{\"@id\":\"https:\/\/gpsantarosa.gob.ec\/napo\/invitacion-a-la-rendicion-de-cuentas-del-periodo-2024\/\"},\"wordCount\":112,\"publisher\":{\"@id\":\"https:\/\/gpsantarosa.gob.ec\/napo\/#organization\"},\"image\":{\"@id\":\"https:\/\/gpsantarosa.gob.ec\/napo\/invitacion-a-la-rendicion-de-cuentas-del-periodo-2024\/#primaryimage\"},\"thumbnailUrl\":\"https:\/\/gpsantarosa.gob.ec\/napo\/wp-content\/uploads\/2025\/06\/Green-and-White-Modern-Agriculture-Farming-Services-Facebook-Post-1.png\",\"articleSection\":[\"News\",\"Ultimas Noticias\"],\"inLanguage\":\"es\"},{\"@type\":\"WebPage\",\"@id\":\"https:\/\/gpsantarosa.gob.ec\/napo\/invitacion-a-la-rendicion-de-cuentas-del-periodo-2024\/\",\"url\":\"https:\/\/gpsantarosa.gob.ec\/napo\/invitacion-a-la-rendicion-de-cuentas-del-periodo-2024\/\",\"name\":\"Invitaci\u00f3n a la Rendici\u00f3n de Cuentas del Per\u00edodo 2024 - GAD parroquial Santa Rosa\",\"isPartOf\":{\"@id\":\"https:\/\/gpsantarosa.gob.ec\/napo\/#website\"},\"primaryImageOfPage\":{\"@id\":\"https:\/\/gpsantarosa.gob.ec\/napo\/invitacion-a-la-rendicion-de-cuentas-del-periodo-2024\/#primaryimage\"},\"image\":{\"@id\":\"https:\/\/gpsantarosa.gob.ec\/napo\/invitacion-a-la-rendicion-de-cuentas-del-periodo-2024\/#primaryimage\"},\"thumbnailUrl\":\"https:\/\/gpsantarosa.gob.ec\/napo\/wp-content\/uploads\/2025\/06\/Green-and-White-Modern-Agriculture-Farming-Services-Facebook-Post-1.png\",\"datePublished\":\"2025-06-26T01:08:36+00:00\",\"dateModified\":\"2025-07-07T13:38:08+00:00\",\"breadcrumb\":{\"@id\":\"https:\/\/gpsantarosa.gob.ec\/napo\/invitacion-a-la-rendicion-de-cuentas-del-periodo-2024\/#breadcrumb\"},\"inLanguage\":\"es\",\"potentialAction\":[{\"@type\":\"ReadAction\",\"target\":[\"https:\/\/gpsantarosa.gob.ec\/napo\/invitacion-a-la-rendicion-de-cuentas-del-periodo-2024\/\"]}]},{\"@type\":\"ImageObject\",\"inLanguage\":\"es\",\"@id\":\"https:\/\/gpsantarosa.gob.ec\/napo\/invitacion-a-la-rendicion-de-cuentas-del-periodo-2024\/#primaryimage\",\"url\":\"https:\/\/gpsantarosa.gob.ec\/napo\/wp-content\/uploads\/2025\/06\/Green-and-White-Modern-Agriculture-Farming-Services-Facebook-Post-1.png\",\"contentUrl\":\"https:\/\/gpsantarosa.gob.ec\/napo\/wp-content\/uploads\/2025\/06\/Green-and-White-Modern-Agriculture-Farming-Services-Facebook-Post-1.png\",\"width\":940,\"height\":788},{\"@type\":\"BreadcrumbList\",\"@id\":\"https:\/\/gpsantarosa.gob.ec\/napo\/invitacion-a-la-rendicion-de-cuentas-del-periodo-2024\/#breadcrumb\",\"itemListElement\":[{\"@type\":\"ListItem\",\"position\":1,\"name\":\"Home\",\"item\":\"https:\/\/gpsantarosa.gob.ec\/napo\/\"},{\"@type\":\"ListItem\",\"position\":2,\"name\":\"Invitaci\u00f3n a la Rendici\u00f3n de Cuentas del Per\u00edodo 2024\"}]},{\"@type\":\"WebSite\",\"@id\":\"https:\/\/gpsantarosa.gob.ec\/napo\/#website\",\"url\":\"https:\/\/gpsantarosa.gob.ec\/napo\/\",\"name\":\"GAD Parroquial de Santa Rosa del Chaco\",\"description\":\"Pagina Oficial de la Parroquia de Santa Rosa del Chaco\",\"publisher\":{\"@id\":\"https:\/\/gpsantarosa.gob.ec\/napo\/#organization\"},\"potentialAction\":[{\"@type\":\"SearchAction\",\"target\":{\"@type\":\"EntryPoint\",\"urlTemplate\":\"https:\/\/gpsantarosa.gob.ec\/napo\/?s={search_term_string}\"},\"query-input\":{\"@type\":\"PropertyValueSpecification\",\"valueRequired\":true,\"valueName\":\"search_term_string\"}}],\"inLanguage\":\"es\"},{\"@type\":\"Organization\",\"@id\":\"https:\/\/gpsantarosa.gob.ec\/napo\/#organization\",\"name\":\"GAD Parroquial de Santa Rosa Napo\",\"url\":\"https:\/\/gpsantarosa.gob.ec\/napo\/\",\"logo\":{\"@type\":\"ImageObject\",\"inLanguage\":\"es\",\"@id\":\"https:\/\/gpsantarosa.gob.ec\/napo\/#\/schema\/logo\/image\/\",\"url\":\"https:\/\/gpsantarosa.gob.ec\/napo\/wp-content\/uploads\/2020\/06\/logoFooter.png\",\"contentUrl\":\"https:\/\/gpsantarosa.gob.ec\/napo\/wp-content\/uploads\/2020\/06\/logoFooter.png\",\"width\":160,\"height\":156,\"caption\":\"GAD Parroquial de Santa Rosa Napo\"},\"image\":{\"@id\":\"https:\/\/gpsantarosa.gob.ec\/napo\/#\/schema\/logo\/image\/\"}},{\"@type\":\"Person\",\"@id\":\"https:\/\/gpsantarosa.gob.ec\/napo\/#\/schema\/person\/27a20bad652dade76f8facbe33eb2a63\",\"name\":\"gpsantarosa\",\"image\":{\"@type\":\"ImageObject\",\"inLanguage\":\"es\",\"@id\":\"https:\/\/gpsantarosa.gob.ec\/napo\/#\/schema\/person\/image\/\",\"url\":\"https:\/\/secure.gravatar.com\/avatar\/c21e74c0351cba7528f5013877a8492cfa66c7e480524a21629edb76ef465569?s=96&d=mm&r=g\",\"contentUrl\":\"https:\/\/secure.gravatar.com\/avatar\/c21e74c0351cba7528f5013877a8492cfa66c7e480524a21629edb76ef465569?s=96&d=mm&r=g\",\"caption\":\"gpsantarosa\"},\"url\":\"https:\/\/gpsantarosa.gob.ec\/napo\/author\/gpsantarosa\/\"}]}<\/script>\n<!-- \/ Yoast SEO plugin. -->","yoast_head_json":{"title":"Invitaci\u00f3n a la Rendici\u00f3n de Cuentas del Per\u00edodo 2024 - GAD parroquial Santa Rosa","robots":{"index":"index","follow":"follow","max-snippet":"max-snippet:-1","max-image-preview":"max-image-preview:large","max-video-preview":"max-video-preview:-1"},"canonical":"https:\/\/gpsantarosa.gob.ec\/napo\/invitacion-a-la-rendicion-de-cuentas-del-periodo-2024\/","og_locale":"es_ES","og_type":"article","og_title":"Invitaci\u00f3n a la Rendici\u00f3n de Cuentas del Per\u00edodo 2024 - GAD parroquial Santa Rosa","og_description":"El Gobierno Aut\u00f3nomo Descentralizado Parroquial de Santa Rosa, en cumplimiento de lo dispuesto en la Constituci\u00f3n de la Rep\u00fablica del Ecuador\u00a0 y la Ley Org\u00e1nica de Participaci\u00f3n Ciudadana y Control Social, tiene el honor de invitar a usted al evento p\u00fablico de Rendici\u00f3n de Cuentas del per\u00edodo 2024. El evento se llevar\u00e1 a cabo el [&hellip;]","og_url":"https:\/\/gpsantarosa.gob.ec\/napo\/invitacion-a-la-rendicion-de-cuentas-del-periodo-2024\/","og_site_name":"GAD parroquial Santa Rosa","article_published_time":"2025-06-26T01:08:36+00:00","article_modified_time":"2025-07-07T13:38:08+00:00","og_image":[{"width":940,"height":788,"url":"https:\/\/gpsantarosa.gob.ec\/napo\/wp-content\/uploads\/2025\/06\/Green-and-White-Modern-Agriculture-Farming-Services-Facebook-Post-1.png","type":"image\/png"}],"author":"gpsantarosa","twitter_card":"summary_large_image","twitter_misc":{"Escrito por":"gpsantarosa","Tiempo de lectura":"1 minuto"},"schema":{"@context":"https:\/\/schema.org","@graph":[{"@type":"Article","@id":"https:\/\/gpsantarosa.gob.ec\/napo\/invitacion-a-la-rendicion-de-cuentas-del-periodo-2024\/#article","isPartOf":{"@id":"https:\/\/gpsantarosa.gob.ec\/napo\/invitacion-a-la-rendicion-de-cuentas-del-periodo-2024\/"},"author":{"name":"gpsantarosa","@id":"https:\/\/gpsantarosa.gob.ec\/napo\/#\/schema\/person\/27a20bad652dade76f8facbe33eb2a63"},"headline":"Invitaci\u00f3n a la Rendici\u00f3n de Cuentas del Per\u00edodo 2024","datePublished":"2025-06-26T01:08:36+00:00","dateModified":"2025-07-07T13:38:08+00:00","mainEntityOfPage":{"@id":"https:\/\/gpsantarosa.gob.ec\/napo\/invitacion-a-la-rendicion-de-cuentas-del-periodo-2024\/"},"wordCount":112,"publisher":{"@id":"https:\/\/gpsantarosa.gob.ec\/napo\/#organization"},"image":{"@id":"https:\/\/gpsantarosa.gob.ec\/napo\/invitacion-a-la-rendicion-de-cuentas-del-periodo-2024\/#primaryimage"},"thumbnailUrl":"https:\/\/gpsantarosa.gob.ec\/napo\/wp-content\/uploads\/2025\/06\/Green-and-White-Modern-Agriculture-Farming-Services-Facebook-Post-1.png","articleSection":["News","Ultimas Noticias"],"inLanguage":"es"},{"@type":"WebPage","@id":"https:\/\/gpsantarosa.gob.ec\/napo\/invitacion-a-la-rendicion-de-cuentas-del-periodo-2024\/","url":"https:\/\/gpsantarosa.gob.ec\/napo\/invitacion-a-la-rendicion-de-cuentas-del-periodo-2024\/","name":"Invitaci\u00f3n a la Rendici\u00f3n de Cuentas del Per\u00edodo 2024 - GAD parroquial Santa Rosa","isPartOf":{"@id":"https:\/\/gpsantarosa.gob.ec\/napo\/#website"},"primaryImageOfPage":{"@id":"https:\/\/gpsantarosa.gob.ec\/napo\/invitacion-a-la-rendicion-de-cuentas-del-periodo-2024\/#primaryimage"},"image":{"@id":"https:\/\/gpsantarosa.gob.ec\/napo\/invitacion-a-la-rendicion-de-cuentas-del-periodo-2024\/#primaryimage"},"thumbnailUrl":"https:\/\/gpsantarosa.gob.ec\/napo\/wp-content\/uploads\/2025\/06\/Green-and-White-Modern-Agriculture-Farming-Services-Facebook-Post-1.png","datePublished":"2025-06-26T01:08:36+00:00","dateModified":"2025-07-07T13:38:08+00:00","breadcrumb":{"@id":"https:\/\/gpsantarosa.gob.ec\/napo\/invitacion-a-la-rendicion-de-cuentas-del-periodo-2024\/#breadcrumb"},"inLanguage":"es","potentialAction":[{"@type":"ReadAction","target":["https:\/\/gpsantarosa.gob.ec\/napo\/invitacion-a-la-rendicion-de-cuentas-del-periodo-2024\/"]}]},{"@type":"ImageObject","inLanguage":"es","@id":"https:\/\/gpsantarosa.gob.ec\/napo\/invitacion-a-la-rendicion-de-cuentas-del-periodo-2024\/#primaryimage","url":"https:\/\/gpsantarosa.gob.ec\/napo\/wp-content\/uploads\/2025\/06\/Green-and-White-Modern-Agriculture-Farming-Services-Facebook-Post-1.png","contentUrl":"https:\/\/gpsantarosa.gob.ec\/napo\/wp-content\/uploads\/2025\/06\/Green-and-White-Modern-Agriculture-Farming-Services-Facebook-Post-1.png","width":940,"height":788},{"@type":"BreadcrumbList","@id":"https:\/\/gpsantarosa.gob.ec\/napo\/invitacion-a-la-rendicion-de-cuentas-del-periodo-2024\/#breadcrumb","itemListElement":[{"@type":"ListItem","position":1,"name":"Home","item":"https:\/\/gpsantarosa.gob.ec\/napo\/"},{"@type":"ListItem","position":2,"name":"Invitaci\u00f3n a la Rendici\u00f3n de Cuentas del Per\u00edodo 2024"}]},{"@type":"WebSite","@id":"https:\/\/gpsantarosa.gob.ec\/napo\/#website","url":"https:\/\/gpsantarosa.gob.ec\/napo\/","name":"GAD Parroquial de Santa Rosa del Chaco","description":"Pagina Oficial de la Parroquia de Santa Rosa del Chaco","publisher":{"@id":"https:\/\/gpsantarosa.gob.ec\/napo\/#organization"},"potentialAction":[{"@type":"SearchAction","target":{"@type":"EntryPoint","urlTemplate":"https:\/\/gpsantarosa.gob.ec\/napo\/?s={search_term_string}"},"query-input":{"@type":"PropertyValueSpecification","valueRequired":true,"valueName":"search_term_string"}}],"inLanguage":"es"},{"@type":"Organization","@id":"https:\/\/gpsantarosa.gob.ec\/napo\/#organization","name":"GAD Parroquial de Santa Rosa Napo","url":"https:\/\/gpsantarosa.gob.ec\/napo\/","logo":{"@type":"ImageObject","inLanguage":"es","@id":"https:\/\/gpsantarosa.gob.ec\/napo\/#\/schema\/logo\/image\/","url":"https:\/\/gpsantarosa.gob.ec\/napo\/wp-content\/uploads\/2020\/06\/logoFooter.png","contentUrl":"https:\/\/gpsantarosa.gob.ec\/napo\/wp-content\/uploads\/2020\/06\/logoFooter.png","width":160,"height":156,"caption":"GAD Parroquial de Santa Rosa Napo"},"image":{"@id":"https:\/\/gpsantarosa.gob.ec\/napo\/#\/schema\/logo\/image\/"}},{"@type":"Person","@id":"https:\/\/gpsantarosa.gob.ec\/napo\/#\/schema\/person\/27a20bad652dade76f8facbe33eb2a63","name":"gpsantarosa","image":{"@type":"ImageObject","inLanguage":"es","@id":"https:\/\/gpsantarosa.gob.ec\/napo\/#\/schema\/person\/image\/","url":"https:\/\/secure.gravatar.com\/avatar\/c21e74c0351cba7528f5013877a8492cfa66c7e480524a21629edb76ef465569?s=96&d=mm&r=g","contentUrl":"https:\/\/secure.gravatar.com\/avatar\/c21e74c0351cba7528f5013877a8492cfa66c7e480524a21629edb76ef465569?s=96&d=mm&r=g","caption":"gpsantarosa"},"url":"https:\/\/gpsantarosa.gob.ec\/napo\/author\/gpsantarosa\/"}]}},"_links":{"self":[{"href":"https:\/\/gpsantarosa.gob.ec\/napo\/wp-json\/wp\/v2\/posts\/2566","targetHints":{"allow":["GET"]}}],"collection":[{"href":"https:\/\/gpsantarosa.gob.ec\/napo\/wp-json\/wp\/v2\/posts"}],"about":[{"href":"https:\/\/gpsantarosa.gob.ec\/napo\/wp-json\/wp\/v2\/types\/post"}],"author":[{"embeddable":true,"href":"https:\/\/gpsantarosa.gob.ec\/napo\/wp-json\/wp\/v2\/users\/10"}],"replies":[{"embeddable":true,"href":"https:\/\/gpsantarosa.gob.ec\/napo\/wp-json\/wp\/v2\/comments?post=2566"}],"version-history":[{"count":3,"href":"https:\/\/gpsantarosa.gob.ec\/napo\/wp-json\/wp\/v2\/posts\/2566\/revisions"}],"predecessor-version":[{"id":2622,"href":"https:\/\/gpsantarosa.gob.ec\/napo\/wp-json\/wp\/v2\/posts\/2566\/revisions\/2622"}],"wp:featuredmedia":[{"embeddable":true,"href":"https:\/\/gpsantarosa.gob.ec\/napo\/wp-json\/wp\/v2\/media\/2621"}],"wp:attachment":[{"href":"https:\/\/gpsantarosa.gob.ec\/napo\/wp-json\/wp\/v2\/media?parent=2566"}],"wp:term":[{"taxonomy":"category","embeddable":true,"href":"https:\/\/gpsantarosa.gob.ec\/napo\/wp-json\/wp\/v2\/categories?post=2566"},{"taxonomy":"post_tag","embeddable":true,"href":"https:\/\/gpsantarosa.gob.ec\/napo\/wp-json\/wp\/v2\/tags?post=2566"}],"curies":[{"name":"wp","href":"https:\/\/api.w.org\/{rel}","templated":true}]}}