{"id":2647,"date":"2025-07-10T11:50:28","date_gmt":"2025-07-10T15:50:28","guid":{"rendered":"https:\/\/gpsantarosa.gob.ec\/napo\/?p=2647"},"modified":"2025-07-10T11:50:28","modified_gmt":"2025-07-10T15:50:28","slug":"santa-rosa-enfrenta-el-fuerte-temporal","status":"publish","type":"post","link":"https:\/\/gpsantarosa.gob.ec\/napo\/santa-rosa-enfrenta-el-fuerte-temporal\/","title":{"rendered":"Santa Rosa Enfrenta el Fuerte Temporal"},"content":{"rendered":"<p>El Gobierno Aut\u00f3nomo Descentralizado Parroquial de Santa Rosa, lleva a cabo\u00a0trabajos de emergencia en el ramal San Bartolo, sector Santa Rosa Alto, con el objetivo de restablecer el tr\u00e1nsito vehicular seguro \ud83d\ude99\ud83d\udee3\ufe0f. Ante el asentamiento de la v\u00eda, se ejecut\u00f3 la construcci\u00f3n de una variante y se llevaron a cabo labores de limpieza y lastrado \ud83e\udea8, mejorando significativamente las condiciones del camino y previniendo futuras afectaciones.<\/p>\n<div data-carousel-extra='{\"blog_id\":1,\"permalink\":\"https:\\\/\\\/gpsantarosa.gob.ec\\\/napo\\\/santa-rosa-enfrenta-el-fuerte-temporal\\\/\"}' class=\"tiled-gallery type-rectangular\" data-original-width=\"500\"><div class=\"gallery-row\" style=\"width: 495px; height: 233px;\"><div class=\"gallery-group images-1\" style=\"width: 331px; height: 237px;\"><div class=\"tiled-gallery-item tiled-gallery-item-large\"><a href=\"https:\/\/gpsantarosa.gob.ec\/napo\/santa-rosa-enfrenta-el-fuerte-temporal\/1-32\/\"><img loading=\"lazy\" decoding=\"async\" data-attachment-id=\"2648\" data-orig-file=\"https:\/\/gpsantarosa.gob.ec\/napo\/wp-content\/uploads\/2025\/07\/1-2.png\" data-orig-size=\"700,500\" data-comments-opened=\"0\" data-image-meta=\"{&quot;aperture&quot;:&quot;0&quot;,&quot;credit&quot;:&quot;&quot;,&quot;camera&quot;:&quot;&quot;,&quot;caption&quot;:&quot;&quot;,&quot;created_timestamp&quot;:&quot;0&quot;,&quot;copyright&quot;:&quot;&quot;,&quot;focal_length&quot;:&quot;0&quot;,&quot;iso&quot;:&quot;0&quot;,&quot;shutter_speed&quot;:&quot;0&quot;,&quot;title&quot;:&quot;&quot;,&quot;orientation&quot;:&quot;0&quot;}\" data-image-title=\"1\" data-image-description=\"\" data-medium-file=\"https:\/\/gpsantarosa.gob.ec\/napo\/wp-content\/uploads\/2025\/07\/1-2-550x393.png\" data-large-file=\"https:\/\/gpsantarosa.gob.ec\/napo\/wp-content\/uploads\/2025\/07\/1-2.png\" src=\"https:\/\/gpsantarosa.gob.ec\/napo\/wp-content\/uploads\/2025\/07\/1-2-327x233.png\" width=\"327\" height=\"233\" align=\"left\" title=\"1\" \/><\/a><\/div><\/div><div class=\"gallery-group images-2\" style=\"width: 164px; height: 237px;\"><div class=\"tiled-gallery-item tiled-gallery-item-small\"><a href=\"https:\/\/gpsantarosa.gob.ec\/napo\/santa-rosa-enfrenta-el-fuerte-temporal\/2-29\/\"><img loading=\"lazy\" decoding=\"async\" data-attachment-id=\"2649\" data-orig-file=\"https:\/\/gpsantarosa.gob.ec\/napo\/wp-content\/uploads\/2025\/07\/2-2.png\" data-orig-size=\"700,500\" data-comments-opened=\"0\" data-image-meta=\"{&quot;aperture&quot;:&quot;0&quot;,&quot;credit&quot;:&quot;&quot;,&quot;camera&quot;:&quot;&quot;,&quot;caption&quot;:&quot;&quot;,&quot;created_timestamp&quot;:&quot;0&quot;,&quot;copyright&quot;:&quot;&quot;,&quot;focal_length&quot;:&quot;0&quot;,&quot;iso&quot;:&quot;0&quot;,&quot;shutter_speed&quot;:&quot;0&quot;,&quot;title&quot;:&quot;&quot;,&quot;orientation&quot;:&quot;0&quot;}\" data-image-title=\"2\" data-image-description=\"\" data-medium-file=\"https:\/\/gpsantarosa.gob.ec\/napo\/wp-content\/uploads\/2025\/07\/2-2-550x393.png\" data-large-file=\"https:\/\/gpsantarosa.gob.ec\/napo\/wp-content\/uploads\/2025\/07\/2-2.png\" src=\"https:\/\/gpsantarosa.gob.ec\/napo\/wp-content\/uploads\/2025\/07\/2-2-160x115.png\" width=\"160\" height=\"115\" align=\"left\" title=\"2\" \/><\/a><\/div><div class=\"tiled-gallery-item tiled-gallery-item-small\"><a href=\"https:\/\/gpsantarosa.gob.ec\/napo\/santa-rosa-enfrenta-el-fuerte-temporal\/3-31\/\"><img loading=\"lazy\" decoding=\"async\" data-attachment-id=\"2650\" data-orig-file=\"https:\/\/gpsantarosa.gob.ec\/napo\/wp-content\/uploads\/2025\/07\/3-2.png\" data-orig-size=\"700,500\" data-comments-opened=\"0\" data-image-meta=\"{&quot;aperture&quot;:&quot;0&quot;,&quot;credit&quot;:&quot;&quot;,&quot;camera&quot;:&quot;&quot;,&quot;caption&quot;:&quot;&quot;,&quot;created_timestamp&quot;:&quot;0&quot;,&quot;copyright&quot;:&quot;&quot;,&quot;focal_length&quot;:&quot;0&quot;,&quot;iso&quot;:&quot;0&quot;,&quot;shutter_speed&quot;:&quot;0&quot;,&quot;title&quot;:&quot;&quot;,&quot;orientation&quot;:&quot;0&quot;}\" data-image-title=\"3\" data-image-description=\"\" data-medium-file=\"https:\/\/gpsantarosa.gob.ec\/napo\/wp-content\/uploads\/2025\/07\/3-2-550x393.png\" data-large-file=\"https:\/\/gpsantarosa.gob.ec\/napo\/wp-content\/uploads\/2025\/07\/3-2.png\" src=\"https:\/\/gpsantarosa.gob.ec\/napo\/wp-content\/uploads\/2025\/07\/3-2-160x114.png\" width=\"160\" height=\"114\" align=\"left\" title=\"3\" \/><\/a><\/div><\/div><\/div><div class=\"gallery-row\" style=\"width: 495px; height: 174px;\"><div class=\"gallery-group images-1\" style=\"width: 248px; height: 178px;\"><div class=\"tiled-gallery-item tiled-gallery-item-small\"><a href=\"https:\/\/gpsantarosa.gob.ec\/napo\/santa-rosa-enfrenta-el-fuerte-temporal\/4-29\/\"><img loading=\"lazy\" decoding=\"async\" data-attachment-id=\"2651\" data-orig-file=\"https:\/\/gpsantarosa.gob.ec\/napo\/wp-content\/uploads\/2025\/07\/4-1.png\" data-orig-size=\"700,500\" data-comments-opened=\"0\" data-image-meta=\"{&quot;aperture&quot;:&quot;0&quot;,&quot;credit&quot;:&quot;&quot;,&quot;camera&quot;:&quot;&quot;,&quot;caption&quot;:&quot;&quot;,&quot;created_timestamp&quot;:&quot;0&quot;,&quot;copyright&quot;:&quot;&quot;,&quot;focal_length&quot;:&quot;0&quot;,&quot;iso&quot;:&quot;0&quot;,&quot;shutter_speed&quot;:&quot;0&quot;,&quot;title&quot;:&quot;&quot;,&quot;orientation&quot;:&quot;0&quot;}\" data-image-title=\"4\" data-image-description=\"\" data-medium-file=\"https:\/\/gpsantarosa.gob.ec\/napo\/wp-content\/uploads\/2025\/07\/4-1-550x393.png\" data-large-file=\"https:\/\/gpsantarosa.gob.ec\/napo\/wp-content\/uploads\/2025\/07\/4-1.png\" src=\"https:\/\/gpsantarosa.gob.ec\/napo\/wp-content\/uploads\/2025\/07\/4-1-244x174.png\" width=\"244\" height=\"174\" align=\"left\" title=\"4\" \/><\/a><\/div><\/div><div class=\"gallery-group images-1\" style=\"width: 247px; height: 178px;\"><div class=\"tiled-gallery-item tiled-gallery-item-small\"><a href=\"https:\/\/gpsantarosa.gob.ec\/napo\/santa-rosa-enfrenta-el-fuerte-temporal\/5-25\/\"><img loading=\"lazy\" decoding=\"async\" data-attachment-id=\"2652\" data-orig-file=\"https:\/\/gpsantarosa.gob.ec\/napo\/wp-content\/uploads\/2025\/07\/5-1.png\" data-orig-size=\"700,500\" data-comments-opened=\"0\" data-image-meta=\"{&quot;aperture&quot;:&quot;0&quot;,&quot;credit&quot;:&quot;&quot;,&quot;camera&quot;:&quot;&quot;,&quot;caption&quot;:&quot;&quot;,&quot;created_timestamp&quot;:&quot;0&quot;,&quot;copyright&quot;:&quot;&quot;,&quot;focal_length&quot;:&quot;0&quot;,&quot;iso&quot;:&quot;0&quot;,&quot;shutter_speed&quot;:&quot;0&quot;,&quot;title&quot;:&quot;&quot;,&quot;orientation&quot;:&quot;0&quot;}\" data-image-title=\"5\" data-image-description=\"\" data-medium-file=\"https:\/\/gpsantarosa.gob.ec\/napo\/wp-content\/uploads\/2025\/07\/5-1-550x393.png\" data-large-file=\"https:\/\/gpsantarosa.gob.ec\/napo\/wp-content\/uploads\/2025\/07\/5-1.png\" src=\"https:\/\/gpsantarosa.gob.ec\/napo\/wp-content\/uploads\/2025\/07\/5-1-243x174.png\" width=\"243\" height=\"174\" align=\"left\" title=\"5\" \/><\/a><\/div><\/div><\/div><\/div>\n","protected":false},"excerpt":{"rendered":"<p>El Gobierno Aut\u00f3nomo Descentralizado Parroquial de Santa Rosa, lleva a cabo\u00a0trabajos de emergencia en el ramal San Bartolo, sector Santa Rosa Alto, con el objetivo de restablecer el tr\u00e1nsito vehicular seguro \ud83d\ude99\ud83d\udee3\ufe0f. Ante el asentamiento de la v\u00eda, se ejecut\u00f3 la construcci\u00f3n de una variante y se llevaron a cabo labores de limpieza y lastrado [&hellip;]<\/p>\n","protected":false},"author":10,"featured_media":2651,"comment_status":"closed","ping_status":"closed","sticky":false,"template":"","format":"standard","meta":{"footnotes":""},"categories":[3,46],"tags":[],"class_list":["post-2647","post","type-post","status-publish","format-standard","has-post-thumbnail","hentry","category-s1-news","category-c76-ultimas-noticias"],"yoast_head":"<!-- This site is optimized with the Yoast SEO plugin v26.8 - https:\/\/yoast.com\/product\/yoast-seo-wordpress\/ -->\n<title>Santa Rosa Enfrenta el Fuerte Temporal - GAD parroquial Santa Rosa<\/title>\n<meta name=\"robots\" content=\"index, follow, max-snippet:-1, max-image-preview:large, max-video-preview:-1\" \/>\n<link rel=\"canonical\" href=\"https:\/\/gpsantarosa.gob.ec\/napo\/santa-rosa-enfrenta-el-fuerte-temporal\/\" \/>\n<meta property=\"og:locale\" content=\"es_ES\" \/>\n<meta property=\"og:type\" content=\"article\" \/>\n<meta property=\"og:title\" content=\"Santa Rosa Enfrenta el Fuerte Temporal - GAD parroquial Santa Rosa\" \/>\n<meta property=\"og:description\" content=\"El Gobierno Aut\u00f3nomo Descentralizado Parroquial de Santa Rosa, lleva a cabo\u00a0trabajos de emergencia en el ramal San Bartolo, sector Santa Rosa Alto, con el objetivo de restablecer el tr\u00e1nsito vehicular seguro \ud83d\ude99\ud83d\udee3\ufe0f. Ante el asentamiento de la v\u00eda, se ejecut\u00f3 la construcci\u00f3n de una variante y se llevaron a cabo labores de limpieza y lastrado [&hellip;]\" \/>\n<meta property=\"og:url\" content=\"https:\/\/gpsantarosa.gob.ec\/napo\/santa-rosa-enfrenta-el-fuerte-temporal\/\" \/>\n<meta property=\"og:site_name\" content=\"GAD parroquial Santa Rosa\" \/>\n<meta property=\"article:published_time\" content=\"2025-07-10T15:50:28+00:00\" \/>\n<meta property=\"og:image\" content=\"https:\/\/gpsantarosa.gob.ec\/napo\/wp-content\/uploads\/2025\/07\/4-1.png\" \/>\n\t<meta property=\"og:image:width\" content=\"700\" \/>\n\t<meta property=\"og:image:height\" content=\"500\" \/>\n\t<meta property=\"og:image:type\" content=\"image\/png\" \/>\n<meta name=\"author\" content=\"gpsantarosa\" \/>\n<meta name=\"twitter:card\" content=\"summary_large_image\" \/>\n<meta name=\"twitter:label1\" content=\"Escrito por\" \/>\n\t<meta name=\"twitter:data1\" content=\"gpsantarosa\" \/>\n\t<meta name=\"twitter:label2\" content=\"Tiempo de lectura\" \/>\n\t<meta name=\"twitter:data2\" content=\"1 minuto\" \/>\n<script type=\"application\/ld+json\" class=\"yoast-schema-graph\">{\"@context\":\"https:\/\/schema.org\",\"@graph\":[{\"@type\":\"Article\",\"@id\":\"https:\/\/gpsantarosa.gob.ec\/napo\/santa-rosa-enfrenta-el-fuerte-temporal\/#article\",\"isPartOf\":{\"@id\":\"https:\/\/gpsantarosa.gob.ec\/napo\/santa-rosa-enfrenta-el-fuerte-temporal\/\"},\"author\":{\"name\":\"gpsantarosa\",\"@id\":\"https:\/\/gpsantarosa.gob.ec\/napo\/#\/schema\/person\/27a20bad652dade76f8facbe33eb2a63\"},\"headline\":\"Santa Rosa Enfrenta el Fuerte Temporal\",\"datePublished\":\"2025-07-10T15:50:28+00:00\",\"mainEntityOfPage\":{\"@id\":\"https:\/\/gpsantarosa.gob.ec\/napo\/santa-rosa-enfrenta-el-fuerte-temporal\/\"},\"wordCount\":79,\"publisher\":{\"@id\":\"https:\/\/gpsantarosa.gob.ec\/napo\/#organization\"},\"image\":{\"@id\":\"https:\/\/gpsantarosa.gob.ec\/napo\/santa-rosa-enfrenta-el-fuerte-temporal\/#primaryimage\"},\"thumbnailUrl\":\"https:\/\/gpsantarosa.gob.ec\/napo\/wp-content\/uploads\/2025\/07\/4-1.png\",\"articleSection\":[\"News\",\"Ultimas Noticias\"],\"inLanguage\":\"es\"},{\"@type\":\"WebPage\",\"@id\":\"https:\/\/gpsantarosa.gob.ec\/napo\/santa-rosa-enfrenta-el-fuerte-temporal\/\",\"url\":\"https:\/\/gpsantarosa.gob.ec\/napo\/santa-rosa-enfrenta-el-fuerte-temporal\/\",\"name\":\"Santa Rosa Enfrenta el Fuerte Temporal - GAD parroquial Santa Rosa\",\"isPartOf\":{\"@id\":\"https:\/\/gpsantarosa.gob.ec\/napo\/#website\"},\"primaryImageOfPage\":{\"@id\":\"https:\/\/gpsantarosa.gob.ec\/napo\/santa-rosa-enfrenta-el-fuerte-temporal\/#primaryimage\"},\"image\":{\"@id\":\"https:\/\/gpsantarosa.gob.ec\/napo\/santa-rosa-enfrenta-el-fuerte-temporal\/#primaryimage\"},\"thumbnailUrl\":\"https:\/\/gpsantarosa.gob.ec\/napo\/wp-content\/uploads\/2025\/07\/4-1.png\",\"datePublished\":\"2025-07-10T15:50:28+00:00\",\"breadcrumb\":{\"@id\":\"https:\/\/gpsantarosa.gob.ec\/napo\/santa-rosa-enfrenta-el-fuerte-temporal\/#breadcrumb\"},\"inLanguage\":\"es\",\"potentialAction\":[{\"@type\":\"ReadAction\",\"target\":[\"https:\/\/gpsantarosa.gob.ec\/napo\/santa-rosa-enfrenta-el-fuerte-temporal\/\"]}]},{\"@type\":\"ImageObject\",\"inLanguage\":\"es\",\"@id\":\"https:\/\/gpsantarosa.gob.ec\/napo\/santa-rosa-enfrenta-el-fuerte-temporal\/#primaryimage\",\"url\":\"https:\/\/gpsantarosa.gob.ec\/napo\/wp-content\/uploads\/2025\/07\/4-1.png\",\"contentUrl\":\"https:\/\/gpsantarosa.gob.ec\/napo\/wp-content\/uploads\/2025\/07\/4-1.png\",\"width\":700,\"height\":500},{\"@type\":\"BreadcrumbList\",\"@id\":\"https:\/\/gpsantarosa.gob.ec\/napo\/santa-rosa-enfrenta-el-fuerte-temporal\/#breadcrumb\",\"itemListElement\":[{\"@type\":\"ListItem\",\"position\":1,\"name\":\"Home\",\"item\":\"https:\/\/gpsantarosa.gob.ec\/napo\/\"},{\"@type\":\"ListItem\",\"position\":2,\"name\":\"Santa Rosa Enfrenta el Fuerte Temporal\"}]},{\"@type\":\"WebSite\",\"@id\":\"https:\/\/gpsantarosa.gob.ec\/napo\/#website\",\"url\":\"https:\/\/gpsantarosa.gob.ec\/napo\/\",\"name\":\"GAD Parroquial de Santa Rosa del Chaco\",\"description\":\"Pagina Oficial de la Parroquia de Santa Rosa del Chaco\",\"publisher\":{\"@id\":\"https:\/\/gpsantarosa.gob.ec\/napo\/#organization\"},\"potentialAction\":[{\"@type\":\"SearchAction\",\"target\":{\"@type\":\"EntryPoint\",\"urlTemplate\":\"https:\/\/gpsantarosa.gob.ec\/napo\/?s={search_term_string}\"},\"query-input\":{\"@type\":\"PropertyValueSpecification\",\"valueRequired\":true,\"valueName\":\"search_term_string\"}}],\"inLanguage\":\"es\"},{\"@type\":\"Organization\",\"@id\":\"https:\/\/gpsantarosa.gob.ec\/napo\/#organization\",\"name\":\"GAD Parroquial de Santa Rosa Napo\",\"url\":\"https:\/\/gpsantarosa.gob.ec\/napo\/\",\"logo\":{\"@type\":\"ImageObject\",\"inLanguage\":\"es\",\"@id\":\"https:\/\/gpsantarosa.gob.ec\/napo\/#\/schema\/logo\/image\/\",\"url\":\"https:\/\/gpsantarosa.gob.ec\/napo\/wp-content\/uploads\/2020\/06\/logoFooter.png\",\"contentUrl\":\"https:\/\/gpsantarosa.gob.ec\/napo\/wp-content\/uploads\/2020\/06\/logoFooter.png\",\"width\":160,\"height\":156,\"caption\":\"GAD Parroquial de Santa Rosa Napo\"},\"image\":{\"@id\":\"https:\/\/gpsantarosa.gob.ec\/napo\/#\/schema\/logo\/image\/\"}},{\"@type\":\"Person\",\"@id\":\"https:\/\/gpsantarosa.gob.ec\/napo\/#\/schema\/person\/27a20bad652dade76f8facbe33eb2a63\",\"name\":\"gpsantarosa\",\"image\":{\"@type\":\"ImageObject\",\"inLanguage\":\"es\",\"@id\":\"https:\/\/gpsantarosa.gob.ec\/napo\/#\/schema\/person\/image\/\",\"url\":\"https:\/\/secure.gravatar.com\/avatar\/c21e74c0351cba7528f5013877a8492cfa66c7e480524a21629edb76ef465569?s=96&d=mm&r=g\",\"contentUrl\":\"https:\/\/secure.gravatar.com\/avatar\/c21e74c0351cba7528f5013877a8492cfa66c7e480524a21629edb76ef465569?s=96&d=mm&r=g\",\"caption\":\"gpsantarosa\"},\"url\":\"https:\/\/gpsantarosa.gob.ec\/napo\/author\/gpsantarosa\/\"}]}<\/script>\n<!-- \/ Yoast SEO plugin. -->","yoast_head_json":{"title":"Santa Rosa Enfrenta el Fuerte Temporal - GAD parroquial Santa Rosa","robots":{"index":"index","follow":"follow","max-snippet":"max-snippet:-1","max-image-preview":"max-image-preview:large","max-video-preview":"max-video-preview:-1"},"canonical":"https:\/\/gpsantarosa.gob.ec\/napo\/santa-rosa-enfrenta-el-fuerte-temporal\/","og_locale":"es_ES","og_type":"article","og_title":"Santa Rosa Enfrenta el Fuerte Temporal - GAD parroquial Santa Rosa","og_description":"El Gobierno Aut\u00f3nomo Descentralizado Parroquial de Santa Rosa, lleva a cabo\u00a0trabajos de emergencia en el ramal San Bartolo, sector Santa Rosa Alto, con el objetivo de restablecer el tr\u00e1nsito vehicular seguro \ud83d\ude99\ud83d\udee3\ufe0f. Ante el asentamiento de la v\u00eda, se ejecut\u00f3 la construcci\u00f3n de una variante y se llevaron a cabo labores de limpieza y lastrado [&hellip;]","og_url":"https:\/\/gpsantarosa.gob.ec\/napo\/santa-rosa-enfrenta-el-fuerte-temporal\/","og_site_name":"GAD parroquial Santa Rosa","article_published_time":"2025-07-10T15:50:28+00:00","og_image":[{"width":700,"height":500,"url":"https:\/\/gpsantarosa.gob.ec\/napo\/wp-content\/uploads\/2025\/07\/4-1.png","type":"image\/png"}],"author":"gpsantarosa","twitter_card":"summary_large_image","twitter_misc":{"Escrito por":"gpsantarosa","Tiempo de lectura":"1 minuto"},"schema":{"@context":"https:\/\/schema.org","@graph":[{"@type":"Article","@id":"https:\/\/gpsantarosa.gob.ec\/napo\/santa-rosa-enfrenta-el-fuerte-temporal\/#article","isPartOf":{"@id":"https:\/\/gpsantarosa.gob.ec\/napo\/santa-rosa-enfrenta-el-fuerte-temporal\/"},"author":{"name":"gpsantarosa","@id":"https:\/\/gpsantarosa.gob.ec\/napo\/#\/schema\/person\/27a20bad652dade76f8facbe33eb2a63"},"headline":"Santa Rosa Enfrenta el Fuerte Temporal","datePublished":"2025-07-10T15:50:28+00:00","mainEntityOfPage":{"@id":"https:\/\/gpsantarosa.gob.ec\/napo\/santa-rosa-enfrenta-el-fuerte-temporal\/"},"wordCount":79,"publisher":{"@id":"https:\/\/gpsantarosa.gob.ec\/napo\/#organization"},"image":{"@id":"https:\/\/gpsantarosa.gob.ec\/napo\/santa-rosa-enfrenta-el-fuerte-temporal\/#primaryimage"},"thumbnailUrl":"https:\/\/gpsantarosa.gob.ec\/napo\/wp-content\/uploads\/2025\/07\/4-1.png","articleSection":["News","Ultimas Noticias"],"inLanguage":"es"},{"@type":"WebPage","@id":"https:\/\/gpsantarosa.gob.ec\/napo\/santa-rosa-enfrenta-el-fuerte-temporal\/","url":"https:\/\/gpsantarosa.gob.ec\/napo\/santa-rosa-enfrenta-el-fuerte-temporal\/","name":"Santa Rosa Enfrenta el Fuerte Temporal - GAD parroquial Santa Rosa","isPartOf":{"@id":"https:\/\/gpsantarosa.gob.ec\/napo\/#website"},"primaryImageOfPage":{"@id":"https:\/\/gpsantarosa.gob.ec\/napo\/santa-rosa-enfrenta-el-fuerte-temporal\/#primaryimage"},"image":{"@id":"https:\/\/gpsantarosa.gob.ec\/napo\/santa-rosa-enfrenta-el-fuerte-temporal\/#primaryimage"},"thumbnailUrl":"https:\/\/gpsantarosa.gob.ec\/napo\/wp-content\/uploads\/2025\/07\/4-1.png","datePublished":"2025-07-10T15:50:28+00:00","breadcrumb":{"@id":"https:\/\/gpsantarosa.gob.ec\/napo\/santa-rosa-enfrenta-el-fuerte-temporal\/#breadcrumb"},"inLanguage":"es","potentialAction":[{"@type":"ReadAction","target":["https:\/\/gpsantarosa.gob.ec\/napo\/santa-rosa-enfrenta-el-fuerte-temporal\/"]}]},{"@type":"ImageObject","inLanguage":"es","@id":"https:\/\/gpsantarosa.gob.ec\/napo\/santa-rosa-enfrenta-el-fuerte-temporal\/#primaryimage","url":"https:\/\/gpsantarosa.gob.ec\/napo\/wp-content\/uploads\/2025\/07\/4-1.png","contentUrl":"https:\/\/gpsantarosa.gob.ec\/napo\/wp-content\/uploads\/2025\/07\/4-1.png","width":700,"height":500},{"@type":"BreadcrumbList","@id":"https:\/\/gpsantarosa.gob.ec\/napo\/santa-rosa-enfrenta-el-fuerte-temporal\/#breadcrumb","itemListElement":[{"@type":"ListItem","position":1,"name":"Home","item":"https:\/\/gpsantarosa.gob.ec\/napo\/"},{"@type":"ListItem","position":2,"name":"Santa Rosa Enfrenta el Fuerte Temporal"}]},{"@type":"WebSite","@id":"https:\/\/gpsantarosa.gob.ec\/napo\/#website","url":"https:\/\/gpsantarosa.gob.ec\/napo\/","name":"GAD Parroquial de Santa Rosa del Chaco","description":"Pagina Oficial de la Parroquia de Santa Rosa del Chaco","publisher":{"@id":"https:\/\/gpsantarosa.gob.ec\/napo\/#organization"},"potentialAction":[{"@type":"SearchAction","target":{"@type":"EntryPoint","urlTemplate":"https:\/\/gpsantarosa.gob.ec\/napo\/?s={search_term_string}"},"query-input":{"@type":"PropertyValueSpecification","valueRequired":true,"valueName":"search_term_string"}}],"inLanguage":"es"},{"@type":"Organization","@id":"https:\/\/gpsantarosa.gob.ec\/napo\/#organization","name":"GAD Parroquial de Santa Rosa Napo","url":"https:\/\/gpsantarosa.gob.ec\/napo\/","logo":{"@type":"ImageObject","inLanguage":"es","@id":"https:\/\/gpsantarosa.gob.ec\/napo\/#\/schema\/logo\/image\/","url":"https:\/\/gpsantarosa.gob.ec\/napo\/wp-content\/uploads\/2020\/06\/logoFooter.png","contentUrl":"https:\/\/gpsantarosa.gob.ec\/napo\/wp-content\/uploads\/2020\/06\/logoFooter.png","width":160,"height":156,"caption":"GAD Parroquial de Santa Rosa Napo"},"image":{"@id":"https:\/\/gpsantarosa.gob.ec\/napo\/#\/schema\/logo\/image\/"}},{"@type":"Person","@id":"https:\/\/gpsantarosa.gob.ec\/napo\/#\/schema\/person\/27a20bad652dade76f8facbe33eb2a63","name":"gpsantarosa","image":{"@type":"ImageObject","inLanguage":"es","@id":"https:\/\/gpsantarosa.gob.ec\/napo\/#\/schema\/person\/image\/","url":"https:\/\/secure.gravatar.com\/avatar\/c21e74c0351cba7528f5013877a8492cfa66c7e480524a21629edb76ef465569?s=96&d=mm&r=g","contentUrl":"https:\/\/secure.gravatar.com\/avatar\/c21e74c0351cba7528f5013877a8492cfa66c7e480524a21629edb76ef465569?s=96&d=mm&r=g","caption":"gpsantarosa"},"url":"https:\/\/gpsantarosa.gob.ec\/napo\/author\/gpsantarosa\/"}]}},"_links":{"self":[{"href":"https:\/\/gpsantarosa.gob.ec\/napo\/wp-json\/wp\/v2\/posts\/2647","targetHints":{"allow":["GET"]}}],"collection":[{"href":"https:\/\/gpsantarosa.gob.ec\/napo\/wp-json\/wp\/v2\/posts"}],"about":[{"href":"https:\/\/gpsantarosa.gob.ec\/napo\/wp-json\/wp\/v2\/types\/post"}],"author":[{"embeddable":true,"href":"https:\/\/gpsantarosa.gob.ec\/napo\/wp-json\/wp\/v2\/users\/10"}],"replies":[{"embeddable":true,"href":"https:\/\/gpsantarosa.gob.ec\/napo\/wp-json\/wp\/v2\/comments?post=2647"}],"version-history":[{"count":1,"href":"https:\/\/gpsantarosa.gob.ec\/napo\/wp-json\/wp\/v2\/posts\/2647\/revisions"}],"predecessor-version":[{"id":2653,"href":"https:\/\/gpsantarosa.gob.ec\/napo\/wp-json\/wp\/v2\/posts\/2647\/revisions\/2653"}],"wp:featuredmedia":[{"embeddable":true,"href":"https:\/\/gpsantarosa.gob.ec\/napo\/wp-json\/wp\/v2\/media\/2651"}],"wp:attachment":[{"href":"https:\/\/gpsantarosa.gob.ec\/napo\/wp-json\/wp\/v2\/media?parent=2647"}],"wp:term":[{"taxonomy":"category","embeddable":true,"href":"https:\/\/gpsantarosa.gob.ec\/napo\/wp-json\/wp\/v2\/categories?post=2647"},{"taxonomy":"post_tag","embeddable":true,"href":"https:\/\/gpsantarosa.gob.ec\/napo\/wp-json\/wp\/v2\/tags?post=2647"}],"curies":[{"name":"wp","href":"https:\/\/api.w.org\/{rel}","templated":true}]}}