{"id":538,"date":"2017-01-19T14:18:01","date_gmt":"2017-01-19T18:18:01","guid":{"rendered":"http:\/\/gadpsantarosa.ilionsystems.com\/napo\/?p=538"},"modified":"2017-01-19T15:24:06","modified_gmt":"2017-01-19T19:24:06","slug":"gestiones-institucionales","status":"publish","type":"post","link":"https:\/\/gpsantarosa.gob.ec\/napo\/gestiones-institucionales\/","title":{"rendered":"GESTIONES INSTITUCIONALES"},"content":{"rendered":"\n\t\t<style type=\"text\/css\">\n\t\t\t#gallery-1 {\n\t\t\t\tmargin: auto;\n\t\t\t}\n\t\t\t#gallery-1 .gallery-item {\n\t\t\t\tfloat: left;\n\t\t\t\tmargin-top: 10px;\n\t\t\t\ttext-align: center;\n\t\t\t\twidth: 50%;\n\t\t\t}\n\t\t\t#gallery-1 img {\n\t\t\t\tborder: 2px solid #cfcfcf;\n\t\t\t}\n\t\t\t#gallery-1 .gallery-caption {\n\t\t\t\tmargin-left: 0;\n\t\t\t}\n\t\t\t\/* see gallery_shortcode() in wp-includes\/media.php *\/\n\t\t<\/style>\n\t\t<div data-carousel-extra='{\"blog_id\":1,\"permalink\":\"https:\\\/\\\/gpsantarosa.gob.ec\\\/napo\\\/gestiones-institucionales\\\/\"}' id='gallery-1' class='gallery galleryid-538 gallery-columns-2 gallery-size-medium'><dl class='gallery-item'>\n\t\t\t<dt class='gallery-icon landscape'>\n\t\t\t\t<a href='https:\/\/gpsantarosa.gob.ec\/napo\/wp-content\/uploads\/2017\/01\/hu.jpg'><img loading=\"lazy\" decoding=\"async\" data-attachment-id=\"542\" data-orig-file=\"https:\/\/gpsantarosa.gob.ec\/napo\/wp-content\/uploads\/2017\/01\/hu.jpg\" data-orig-size=\"960,720\" data-comments-opened=\"0\" data-image-meta=\"{&quot;aperture&quot;:&quot;0&quot;,&quot;credit&quot;:&quot;&quot;,&quot;camera&quot;:&quot;&quot;,&quot;caption&quot;:&quot;&quot;,&quot;created_timestamp&quot;:&quot;0&quot;,&quot;copyright&quot;:&quot;&quot;,&quot;focal_length&quot;:&quot;0&quot;,&quot;iso&quot;:&quot;0&quot;,&quot;shutter_speed&quot;:&quot;0&quot;,&quot;title&quot;:&quot;&quot;,&quot;orientation&quot;:&quot;0&quot;,&quot;keywords&quot;:&quot;Array&quot;}\" data-image-title=\"hu\" data-image-description=\"\" data-medium-file=\"https:\/\/gpsantarosa.gob.ec\/napo\/wp-content\/uploads\/2017\/01\/hu-300x225.jpg\" data-large-file=\"https:\/\/gpsantarosa.gob.ec\/napo\/wp-content\/uploads\/2017\/01\/hu.jpg\" width=\"300\" height=\"225\" src=\"https:\/\/gpsantarosa.gob.ec\/napo\/wp-content\/uploads\/2017\/01\/hu-300x225.jpg\" class=\"attachment-medium size-medium\" alt=\"\" srcset=\"https:\/\/gpsantarosa.gob.ec\/napo\/wp-content\/uploads\/2017\/01\/hu-300x225.jpg 300w, https:\/\/gpsantarosa.gob.ec\/napo\/wp-content\/uploads\/2017\/01\/hu-768x576.jpg 768w, https:\/\/gpsantarosa.gob.ec\/napo\/wp-content\/uploads\/2017\/01\/hu.jpg 960w\" sizes=\"auto, (max-width: 300px) 100vw, 300px\" \/><\/a>\n\t\t\t<\/dt><\/dl><dl class='gallery-item'>\n\t\t\t<dt class='gallery-icon landscape'>\n\t\t\t\t<a href='https:\/\/gpsantarosa.gob.ec\/napo\/wp-content\/uploads\/2017\/01\/utyu.jpg'><img loading=\"lazy\" decoding=\"async\" data-attachment-id=\"543\" data-orig-file=\"https:\/\/gpsantarosa.gob.ec\/napo\/wp-content\/uploads\/2017\/01\/utyu.jpg\" data-orig-size=\"960,635\" data-comments-opened=\"0\" data-image-meta=\"{&quot;aperture&quot;:&quot;0&quot;,&quot;credit&quot;:&quot;&quot;,&quot;camera&quot;:&quot;&quot;,&quot;caption&quot;:&quot;&quot;,&quot;created_timestamp&quot;:&quot;0&quot;,&quot;copyright&quot;:&quot;&quot;,&quot;focal_length&quot;:&quot;0&quot;,&quot;iso&quot;:&quot;0&quot;,&quot;shutter_speed&quot;:&quot;0&quot;,&quot;title&quot;:&quot;&quot;,&quot;orientation&quot;:&quot;0&quot;,&quot;keywords&quot;:&quot;Array&quot;}\" data-image-title=\"utyu\" data-image-description=\"\" data-medium-file=\"https:\/\/gpsantarosa.gob.ec\/napo\/wp-content\/uploads\/2017\/01\/utyu-300x198.jpg\" data-large-file=\"https:\/\/gpsantarosa.gob.ec\/napo\/wp-content\/uploads\/2017\/01\/utyu.jpg\" width=\"300\" height=\"198\" src=\"https:\/\/gpsantarosa.gob.ec\/napo\/wp-content\/uploads\/2017\/01\/utyu-300x198.jpg\" class=\"attachment-medium size-medium\" alt=\"\" srcset=\"https:\/\/gpsantarosa.gob.ec\/napo\/wp-content\/uploads\/2017\/01\/utyu-300x198.jpg 300w, https:\/\/gpsantarosa.gob.ec\/napo\/wp-content\/uploads\/2017\/01\/utyu-768x508.jpg 768w, https:\/\/gpsantarosa.gob.ec\/napo\/wp-content\/uploads\/2017\/01\/utyu.jpg 960w\" sizes=\"auto, (max-width: 300px) 100vw, 300px\" \/><\/a>\n\t\t\t<\/dt><\/dl><br style=\"clear: both\" \/>\n\t\t<\/div>\n\n<ul>\n<li>\n<p align=\"justify\">Aporte econ\u00f3mico del GAD Provincial de Napo para el carnaval playero Santa Rosa 2015, con un valor de $ 2.500,00<\/p>\n<\/li>\n<\/ul>\n<p><!--more--><\/p>\n<ul>\n<li>\n<p align=\"justify\">Aporte econ\u00f3mico del GAD Provincial de Napo para la VI Expoferia ganadera Santa Rosa 2015 con un valor de $ 8.000,00<\/p>\n<\/li>\n<\/ul>\n<ul>\n<li>\n<p align=\"justify\">Aporte del GAD Municipal El Chaco con pintura para el mejoramiento del coliseo<\/p>\n<\/li>\n<\/ul>\n<ul>\n<li>\n<p align=\"justify\">Aporte del GAD Provincial de Napo para la obra construcci\u00f3n de drenajes en el estadio de Santa Rosa, con un valor de $ 10.000,00 para la adecuaci\u00f3n final con material quilo donde dicho material se transport\u00f3 desde el sector Guacamayos hasta la Parroquia Santa Rosa<\/p>\n<\/li>\n<\/ul>\n<ul>\n<li>\n<p align=\"justify\">Aporte del GAD Provincial de Napo para la obra construcci\u00f3n de una cancha cubierta en el barrio Marcial O\u00f1a por un valor de $ 39.186,00<\/p>\n<\/li>\n<\/ul>\n<ul>\n<li>\n<p align=\"justify\">Entrega de recursos econ\u00f3micos por parte del Banco del Estado, provenientes del ECORAE para GAD`s amaz\u00f3nicos destinados para la construcci\u00f3n de obras prioritarias, correspondi\u00e9ndole a nuestra instituci\u00f3n el valor de $ 76.000,00<\/p>\n<\/li>\n<\/ul>\n<ul>\n<li>\n<p align=\"justify\">Adecuaci\u00f3n de los alrededores de la cancha cubierta en el barrio Marcial O\u00f1a con maquinaria Municipal<\/p>\n<\/li>\n<\/ul>\n<ul>\n<li>\n<p align=\"justify\">Desbanque y remoci\u00f3n de escombros en \u00e1rea de construcci\u00f3n de aceras y bordillos con maquinaria Municipal<\/p>\n<\/li>\n<\/ul>\n<ul>\n<li>\n<p align=\"justify\">Donaci\u00f3n de moto para atenci\u00f3n veterinaria por parte del GAD Provincial de Napo<\/p>\n<\/li>\n<\/ul>\n<ul>\n<li>\n<p align=\"justify\">Donaci\u00f3n de moto al servicio del GAD Parroquial entregada por parte de Coca Codo Sinclair<\/p>\n<\/li>\n<\/ul>\n<ul>\n<li>\n<p align=\"justify\">Relastrado de la v\u00eda en el sector Santa Rosa Alto con maquinaria del GAD Provincial de Napo<\/p>\n<\/li>\n<\/ul>\n<ul>\n<li>\n<p align=\"justify\">Estudio de dise\u00f1o de proyecto y fiscalizaci\u00f3n para la obra de drenajes en el estadio, por parte del GAD Provincial de Napo.<\/p>\n<\/li>\n<\/ul>\n<ul>\n<li>\n<p align=\"justify\">Estudio de dise\u00f1o de proyecto y fiscalizaci\u00f3n para la obra construcci\u00f3n de una cancha cubierta en el barrio Marcial O\u00f1a, por parte del GAD Municipal El Chaco<\/p>\n<\/li>\n<\/ul>\n<ul>\n<li>\n<p align=\"justify\">Estudio de dise\u00f1o de proyecto y fiscalizaci\u00f3n para la obra construcci\u00f3n de la primera etapa de Aceras y Bordillos, por parte del GAD Municipal El Chaco<\/p>\n<\/li>\n<\/ul>\n<ul>\n<li>\n<p align=\"justify\">Reuni\u00f3n con asamble\u00edstas provinciales donde se trat\u00f3 sobre la legalizaci\u00f3n de tierras.<\/p>\n<\/li>\n<\/ul>\n<ul>\n<li>\n<p align=\"justify\">Gesti\u00f3n con el Ministerio de Recursos no Renovables para solicitar la aprobaci\u00f3n del presupuesto para la ejecuci\u00f3n de la obra Adecentamiento Vial en la avenida principal<\/p>\n<\/li>\n<\/ul>\n<ul>\n<li>\n<p align=\"justify\">Aporte del Ministerio de Agricultura, Ganader\u00eda, Acuacultura y Pesca con la dotaci\u00f3n de 50 pajuelas de raza Brown Swiss y Holstein para fomentar la inseminaci\u00f3n artificial en nuestra Parroquia.<\/p>\n<\/li>\n<\/ul>\n<ul>\n<li>\n<p align=\"justify\">Se realiz\u00f3 la verificaci\u00f3n y mantenimiento de los puentes en la comunidad de Cascabel por parte del GAD Provincial de Napo<\/p>\n<\/li>\n<\/ul>\n<ul>\n<li>\n<p align=\"justify\">Complementaci\u00f3n el\u00e9ctrica e iluminaci\u00f3n del parque central de Santa Rosa por medio del GAD Municipal El Chaco<\/p>\n<\/li>\n<\/ul>\n<ul>\n<li>\n<p align=\"justify\">Constantemente hemos acudido al GAD Municipal El Chaco a conversar con sus autoridades y directivos sobre la problem\u00e1tica del agua.<\/p>\n<\/li>\n<\/ul>\n<ul>\n<li>\n<p align=\"justify\">Comisi\u00f3n con participaci\u00f3n ciudadana ante GAD Provincial de Napo para solicitar el mantenimiento de las v\u00edas rurales en nuestra Parroquia.<\/p>\n<\/li>\n<\/ul>\n<ul>\n<li>\n<p align=\"justify\">Gestiones EDEMSA<\/p>\n<\/li>\n<\/ul>\n<p align=\"left\">\u00a0<b>ACTIVIDADES INSTITUCIONALES<\/b><\/p>\n<ul>\n<li>\n<p align=\"justify\">Apoyo al centro de salud Las Palmas con la dotaci\u00f3n de mascarillas para entregar a los moradores de la comunidad y de esta manera concientizar e incentivar el uso de mascarillas ante la ca\u00edda de ceniza y fumigaci\u00f3n de pesticidas.<\/p>\n<\/li>\n<\/ul>\n<ul>\n<li>\n<p align=\"justify\">Se recibi\u00f3 en la instituci\u00f3n a tres j\u00f3venes pasantes del colegio El Chaco de la especialidad en electricidad y una joven en la especialidad de agropecuaria.<\/p>\n<\/li>\n<\/ul>\n<ul>\n<li>\n<p align=\"justify\">Participaci\u00f3n con la comunidad para la elaboraci\u00f3n del Plan Operativo Anual 2016.<\/p>\n<\/li>\n<\/ul>\n<ul>\n<li>\n<p align=\"justify\">Socializaci\u00f3n del presupuesto y Plan Operativo Anual para el a\u00f1o 2016 con la aprobaci\u00f3n del Consejo de Planificaci\u00f3n de la Parroquia.<\/p>\n<\/li>\n<\/ul>\n<ul>\n<li>\n<p align=\"justify\">Participaci\u00f3n ciudadana mediante la silla vac\u00eda en sesiones de la junta parroquial.<\/p>\n<\/li>\n<\/ul>\n","protected":false},"excerpt":{"rendered":"<p>Aporte econ\u00f3mico del GAD Provincial de Napo para el carnaval playero Santa Rosa 2015, con un valor de $ 2.500,00<\/p>\n","protected":false},"author":11,"featured_media":543,"comment_status":"closed","ping_status":"closed","sticky":false,"template":"","format":"standard","meta":{"footnotes":""},"categories":[3,52],"tags":[],"class_list":["post-538","post","type-post","status-publish","format-standard","has-post-thumbnail","hentry","category-s1-news","category-obras"],"yoast_head":"<!-- This site is optimized with the Yoast SEO plugin v26.8 - https:\/\/yoast.com\/product\/yoast-seo-wordpress\/ -->\n<title>GESTIONES INSTITUCIONALES - GAD parroquial Santa Rosa<\/title>\n<meta name=\"robots\" content=\"index, follow, max-snippet:-1, max-image-preview:large, max-video-preview:-1\" \/>\n<link rel=\"canonical\" href=\"https:\/\/gpsantarosa.gob.ec\/napo\/gestiones-institucionales\/\" \/>\n<meta property=\"og:locale\" content=\"es_ES\" \/>\n<meta property=\"og:type\" content=\"article\" \/>\n<meta property=\"og:title\" content=\"GESTIONES INSTITUCIONALES - GAD parroquial Santa Rosa\" \/>\n<meta property=\"og:description\" content=\"Aporte econ\u00f3mico del GAD Provincial de Napo para el carnaval playero Santa Rosa 2015, con un valor de $ 2.500,00\" \/>\n<meta property=\"og:url\" content=\"https:\/\/gpsantarosa.gob.ec\/napo\/gestiones-institucionales\/\" \/>\n<meta property=\"og:site_name\" content=\"GAD parroquial Santa Rosa\" \/>\n<meta property=\"article:published_time\" content=\"2017-01-19T18:18:01+00:00\" \/>\n<meta property=\"article:modified_time\" content=\"2017-01-19T19:24:06+00:00\" \/>\n<meta property=\"og:image\" content=\"https:\/\/gpsantarosa.gob.ec\/napo\/wp-content\/uploads\/2017\/01\/utyu.jpg\" \/>\n\t<meta property=\"og:image:width\" content=\"960\" \/>\n\t<meta property=\"og:image:height\" content=\"635\" \/>\n\t<meta property=\"og:image:type\" content=\"image\/jpeg\" \/>\n<meta name=\"author\" content=\"agpsantarosa\" \/>\n<meta name=\"twitter:card\" content=\"summary_large_image\" \/>\n<meta name=\"twitter:label1\" content=\"Escrito por\" \/>\n\t<meta name=\"twitter:data1\" content=\"agpsantarosa\" \/>\n\t<meta name=\"twitter:label2\" content=\"Tiempo de lectura\" \/>\n\t<meta name=\"twitter:data2\" content=\"3 minutos\" \/>\n<script type=\"application\/ld+json\" class=\"yoast-schema-graph\">{\"@context\":\"https:\/\/schema.org\",\"@graph\":[{\"@type\":\"Article\",\"@id\":\"https:\/\/gpsantarosa.gob.ec\/napo\/gestiones-institucionales\/#article\",\"isPartOf\":{\"@id\":\"https:\/\/gpsantarosa.gob.ec\/napo\/gestiones-institucionales\/\"},\"author\":{\"name\":\"agpsantarosa\",\"@id\":\"https:\/\/gpsantarosa.gob.ec\/napo\/#\/schema\/person\/3363e9e3b9be5542c20169751efaffea\"},\"headline\":\"GESTIONES INSTITUCIONALES\",\"datePublished\":\"2017-01-19T18:18:01+00:00\",\"dateModified\":\"2017-01-19T19:24:06+00:00\",\"mainEntityOfPage\":{\"@id\":\"https:\/\/gpsantarosa.gob.ec\/napo\/gestiones-institucionales\/\"},\"wordCount\":621,\"publisher\":{\"@id\":\"https:\/\/gpsantarosa.gob.ec\/napo\/#organization\"},\"image\":{\"@id\":\"https:\/\/gpsantarosa.gob.ec\/napo\/gestiones-institucionales\/#primaryimage\"},\"thumbnailUrl\":\"https:\/\/gpsantarosa.gob.ec\/napo\/wp-content\/uploads\/2017\/01\/utyu.jpg\",\"articleSection\":[\"News\",\"Obras\"],\"inLanguage\":\"es\"},{\"@type\":\"WebPage\",\"@id\":\"https:\/\/gpsantarosa.gob.ec\/napo\/gestiones-institucionales\/\",\"url\":\"https:\/\/gpsantarosa.gob.ec\/napo\/gestiones-institucionales\/\",\"name\":\"GESTIONES INSTITUCIONALES - GAD parroquial Santa Rosa\",\"isPartOf\":{\"@id\":\"https:\/\/gpsantarosa.gob.ec\/napo\/#website\"},\"primaryImageOfPage\":{\"@id\":\"https:\/\/gpsantarosa.gob.ec\/napo\/gestiones-institucionales\/#primaryimage\"},\"image\":{\"@id\":\"https:\/\/gpsantarosa.gob.ec\/napo\/gestiones-institucionales\/#primaryimage\"},\"thumbnailUrl\":\"https:\/\/gpsantarosa.gob.ec\/napo\/wp-content\/uploads\/2017\/01\/utyu.jpg\",\"datePublished\":\"2017-01-19T18:18:01+00:00\",\"dateModified\":\"2017-01-19T19:24:06+00:00\",\"breadcrumb\":{\"@id\":\"https:\/\/gpsantarosa.gob.ec\/napo\/gestiones-institucionales\/#breadcrumb\"},\"inLanguage\":\"es\",\"potentialAction\":[{\"@type\":\"ReadAction\",\"target\":[\"https:\/\/gpsantarosa.gob.ec\/napo\/gestiones-institucionales\/\"]}]},{\"@type\":\"ImageObject\",\"inLanguage\":\"es\",\"@id\":\"https:\/\/gpsantarosa.gob.ec\/napo\/gestiones-institucionales\/#primaryimage\",\"url\":\"https:\/\/gpsantarosa.gob.ec\/napo\/wp-content\/uploads\/2017\/01\/utyu.jpg\",\"contentUrl\":\"https:\/\/gpsantarosa.gob.ec\/napo\/wp-content\/uploads\/2017\/01\/utyu.jpg\",\"width\":960,\"height\":635},{\"@type\":\"BreadcrumbList\",\"@id\":\"https:\/\/gpsantarosa.gob.ec\/napo\/gestiones-institucionales\/#breadcrumb\",\"itemListElement\":[{\"@type\":\"ListItem\",\"position\":1,\"name\":\"Home\",\"item\":\"https:\/\/gpsantarosa.gob.ec\/napo\/\"},{\"@type\":\"ListItem\",\"position\":2,\"name\":\"GESTIONES INSTITUCIONALES\"}]},{\"@type\":\"WebSite\",\"@id\":\"https:\/\/gpsantarosa.gob.ec\/napo\/#website\",\"url\":\"https:\/\/gpsantarosa.gob.ec\/napo\/\",\"name\":\"GAD Parroquial de Santa Rosa del Chaco\",\"description\":\"Pagina Oficial de la Parroquia de Santa Rosa del Chaco\",\"publisher\":{\"@id\":\"https:\/\/gpsantarosa.gob.ec\/napo\/#organization\"},\"potentialAction\":[{\"@type\":\"SearchAction\",\"target\":{\"@type\":\"EntryPoint\",\"urlTemplate\":\"https:\/\/gpsantarosa.gob.ec\/napo\/?s={search_term_string}\"},\"query-input\":{\"@type\":\"PropertyValueSpecification\",\"valueRequired\":true,\"valueName\":\"search_term_string\"}}],\"inLanguage\":\"es\"},{\"@type\":\"Organization\",\"@id\":\"https:\/\/gpsantarosa.gob.ec\/napo\/#organization\",\"name\":\"GAD Parroquial de Santa Rosa Napo\",\"url\":\"https:\/\/gpsantarosa.gob.ec\/napo\/\",\"logo\":{\"@type\":\"ImageObject\",\"inLanguage\":\"es\",\"@id\":\"https:\/\/gpsantarosa.gob.ec\/napo\/#\/schema\/logo\/image\/\",\"url\":\"https:\/\/gpsantarosa.gob.ec\/napo\/wp-content\/uploads\/2020\/06\/logoFooter.png\",\"contentUrl\":\"https:\/\/gpsantarosa.gob.ec\/napo\/wp-content\/uploads\/2020\/06\/logoFooter.png\",\"width\":160,\"height\":156,\"caption\":\"GAD Parroquial de Santa Rosa Napo\"},\"image\":{\"@id\":\"https:\/\/gpsantarosa.gob.ec\/napo\/#\/schema\/logo\/image\/\"}},{\"@type\":\"Person\",\"@id\":\"https:\/\/gpsantarosa.gob.ec\/napo\/#\/schema\/person\/3363e9e3b9be5542c20169751efaffea\",\"name\":\"agpsantarosa\",\"image\":{\"@type\":\"ImageObject\",\"inLanguage\":\"es\",\"@id\":\"https:\/\/gpsantarosa.gob.ec\/napo\/#\/schema\/person\/image\/\",\"url\":\"https:\/\/secure.gravatar.com\/avatar\/4b2a3b778747c2a400486879a0e33d9a1d3124fd32e554bcd5660b3402864ee9?s=96&d=mm&r=g\",\"contentUrl\":\"https:\/\/secure.gravatar.com\/avatar\/4b2a3b778747c2a400486879a0e33d9a1d3124fd32e554bcd5660b3402864ee9?s=96&d=mm&r=g\",\"caption\":\"agpsantarosa\"},\"url\":\"https:\/\/gpsantarosa.gob.ec\/napo\/author\/agpsantarosa\/\"}]}<\/script>\n<!-- \/ Yoast SEO plugin. -->","yoast_head_json":{"title":"GESTIONES INSTITUCIONALES - GAD parroquial Santa Rosa","robots":{"index":"index","follow":"follow","max-snippet":"max-snippet:-1","max-image-preview":"max-image-preview:large","max-video-preview":"max-video-preview:-1"},"canonical":"https:\/\/gpsantarosa.gob.ec\/napo\/gestiones-institucionales\/","og_locale":"es_ES","og_type":"article","og_title":"GESTIONES INSTITUCIONALES - GAD parroquial Santa Rosa","og_description":"Aporte econ\u00f3mico del GAD Provincial de Napo para el carnaval playero Santa Rosa 2015, con un valor de $ 2.500,00","og_url":"https:\/\/gpsantarosa.gob.ec\/napo\/gestiones-institucionales\/","og_site_name":"GAD parroquial Santa Rosa","article_published_time":"2017-01-19T18:18:01+00:00","article_modified_time":"2017-01-19T19:24:06+00:00","og_image":[{"width":960,"height":635,"url":"https:\/\/gpsantarosa.gob.ec\/napo\/wp-content\/uploads\/2017\/01\/utyu.jpg","type":"image\/jpeg"}],"author":"agpsantarosa","twitter_card":"summary_large_image","twitter_misc":{"Escrito por":"agpsantarosa","Tiempo de lectura":"3 minutos"},"schema":{"@context":"https:\/\/schema.org","@graph":[{"@type":"Article","@id":"https:\/\/gpsantarosa.gob.ec\/napo\/gestiones-institucionales\/#article","isPartOf":{"@id":"https:\/\/gpsantarosa.gob.ec\/napo\/gestiones-institucionales\/"},"author":{"name":"agpsantarosa","@id":"https:\/\/gpsantarosa.gob.ec\/napo\/#\/schema\/person\/3363e9e3b9be5542c20169751efaffea"},"headline":"GESTIONES INSTITUCIONALES","datePublished":"2017-01-19T18:18:01+00:00","dateModified":"2017-01-19T19:24:06+00:00","mainEntityOfPage":{"@id":"https:\/\/gpsantarosa.gob.ec\/napo\/gestiones-institucionales\/"},"wordCount":621,"publisher":{"@id":"https:\/\/gpsantarosa.gob.ec\/napo\/#organization"},"image":{"@id":"https:\/\/gpsantarosa.gob.ec\/napo\/gestiones-institucionales\/#primaryimage"},"thumbnailUrl":"https:\/\/gpsantarosa.gob.ec\/napo\/wp-content\/uploads\/2017\/01\/utyu.jpg","articleSection":["News","Obras"],"inLanguage":"es"},{"@type":"WebPage","@id":"https:\/\/gpsantarosa.gob.ec\/napo\/gestiones-institucionales\/","url":"https:\/\/gpsantarosa.gob.ec\/napo\/gestiones-institucionales\/","name":"GESTIONES INSTITUCIONALES - GAD parroquial Santa Rosa","isPartOf":{"@id":"https:\/\/gpsantarosa.gob.ec\/napo\/#website"},"primaryImageOfPage":{"@id":"https:\/\/gpsantarosa.gob.ec\/napo\/gestiones-institucionales\/#primaryimage"},"image":{"@id":"https:\/\/gpsantarosa.gob.ec\/napo\/gestiones-institucionales\/#primaryimage"},"thumbnailUrl":"https:\/\/gpsantarosa.gob.ec\/napo\/wp-content\/uploads\/2017\/01\/utyu.jpg","datePublished":"2017-01-19T18:18:01+00:00","dateModified":"2017-01-19T19:24:06+00:00","breadcrumb":{"@id":"https:\/\/gpsantarosa.gob.ec\/napo\/gestiones-institucionales\/#breadcrumb"},"inLanguage":"es","potentialAction":[{"@type":"ReadAction","target":["https:\/\/gpsantarosa.gob.ec\/napo\/gestiones-institucionales\/"]}]},{"@type":"ImageObject","inLanguage":"es","@id":"https:\/\/gpsantarosa.gob.ec\/napo\/gestiones-institucionales\/#primaryimage","url":"https:\/\/gpsantarosa.gob.ec\/napo\/wp-content\/uploads\/2017\/01\/utyu.jpg","contentUrl":"https:\/\/gpsantarosa.gob.ec\/napo\/wp-content\/uploads\/2017\/01\/utyu.jpg","width":960,"height":635},{"@type":"BreadcrumbList","@id":"https:\/\/gpsantarosa.gob.ec\/napo\/gestiones-institucionales\/#breadcrumb","itemListElement":[{"@type":"ListItem","position":1,"name":"Home","item":"https:\/\/gpsantarosa.gob.ec\/napo\/"},{"@type":"ListItem","position":2,"name":"GESTIONES INSTITUCIONALES"}]},{"@type":"WebSite","@id":"https:\/\/gpsantarosa.gob.ec\/napo\/#website","url":"https:\/\/gpsantarosa.gob.ec\/napo\/","name":"GAD Parroquial de Santa Rosa del Chaco","description":"Pagina Oficial de la Parroquia de Santa Rosa del Chaco","publisher":{"@id":"https:\/\/gpsantarosa.gob.ec\/napo\/#organization"},"potentialAction":[{"@type":"SearchAction","target":{"@type":"EntryPoint","urlTemplate":"https:\/\/gpsantarosa.gob.ec\/napo\/?s={search_term_string}"},"query-input":{"@type":"PropertyValueSpecification","valueRequired":true,"valueName":"search_term_string"}}],"inLanguage":"es"},{"@type":"Organization","@id":"https:\/\/gpsantarosa.gob.ec\/napo\/#organization","name":"GAD Parroquial de Santa Rosa Napo","url":"https:\/\/gpsantarosa.gob.ec\/napo\/","logo":{"@type":"ImageObject","inLanguage":"es","@id":"https:\/\/gpsantarosa.gob.ec\/napo\/#\/schema\/logo\/image\/","url":"https:\/\/gpsantarosa.gob.ec\/napo\/wp-content\/uploads\/2020\/06\/logoFooter.png","contentUrl":"https:\/\/gpsantarosa.gob.ec\/napo\/wp-content\/uploads\/2020\/06\/logoFooter.png","width":160,"height":156,"caption":"GAD Parroquial de Santa Rosa Napo"},"image":{"@id":"https:\/\/gpsantarosa.gob.ec\/napo\/#\/schema\/logo\/image\/"}},{"@type":"Person","@id":"https:\/\/gpsantarosa.gob.ec\/napo\/#\/schema\/person\/3363e9e3b9be5542c20169751efaffea","name":"agpsantarosa","image":{"@type":"ImageObject","inLanguage":"es","@id":"https:\/\/gpsantarosa.gob.ec\/napo\/#\/schema\/person\/image\/","url":"https:\/\/secure.gravatar.com\/avatar\/4b2a3b778747c2a400486879a0e33d9a1d3124fd32e554bcd5660b3402864ee9?s=96&d=mm&r=g","contentUrl":"https:\/\/secure.gravatar.com\/avatar\/4b2a3b778747c2a400486879a0e33d9a1d3124fd32e554bcd5660b3402864ee9?s=96&d=mm&r=g","caption":"agpsantarosa"},"url":"https:\/\/gpsantarosa.gob.ec\/napo\/author\/agpsantarosa\/"}]}},"_links":{"self":[{"href":"https:\/\/gpsantarosa.gob.ec\/napo\/wp-json\/wp\/v2\/posts\/538","targetHints":{"allow":["GET"]}}],"collection":[{"href":"https:\/\/gpsantarosa.gob.ec\/napo\/wp-json\/wp\/v2\/posts"}],"about":[{"href":"https:\/\/gpsantarosa.gob.ec\/napo\/wp-json\/wp\/v2\/types\/post"}],"author":[{"embeddable":true,"href":"https:\/\/gpsantarosa.gob.ec\/napo\/wp-json\/wp\/v2\/users\/11"}],"replies":[{"embeddable":true,"href":"https:\/\/gpsantarosa.gob.ec\/napo\/wp-json\/wp\/v2\/comments?post=538"}],"version-history":[{"count":2,"href":"https:\/\/gpsantarosa.gob.ec\/napo\/wp-json\/wp\/v2\/posts\/538\/revisions"}],"predecessor-version":[{"id":558,"href":"https:\/\/gpsantarosa.gob.ec\/napo\/wp-json\/wp\/v2\/posts\/538\/revisions\/558"}],"wp:featuredmedia":[{"embeddable":true,"href":"https:\/\/gpsantarosa.gob.ec\/napo\/wp-json\/wp\/v2\/media\/543"}],"wp:attachment":[{"href":"https:\/\/gpsantarosa.gob.ec\/napo\/wp-json\/wp\/v2\/media?parent=538"}],"wp:term":[{"taxonomy":"category","embeddable":true,"href":"https:\/\/gpsantarosa.gob.ec\/napo\/wp-json\/wp\/v2\/categories?post=538"},{"taxonomy":"post_tag","embeddable":true,"href":"https:\/\/gpsantarosa.gob.ec\/napo\/wp-json\/wp\/v2\/tags?post=538"}],"curies":[{"name":"wp","href":"https:\/\/api.w.org\/{rel}","templated":true}]}}